{"id":10793,"date":"2014-03-19T20:00:43","date_gmt":"2014-03-20T00:00:43","guid":{"rendered":"http:\/\/www.yungayino.cl\/noticias\/?p=10793"},"modified":"2014-03-19T21:28:39","modified_gmt":"2014-03-20T01:28:39","slug":"mas-de-92-mil-personas-seran-vacunadas-contra-la-influenza-en-nuble","status":"publish","type":"post","link":"https:\/\/www.yungayino.cl\/noticias\/?p=10793","title":{"rendered":"M\u00e1s de 92 mil Personas Ser\u00e1n Vacunadas Contra la Influenza en \u00d1uble"},"content":{"rendered":"<p><img loading=\"lazy\" decoding=\"async\" alt=\"\" src=\"http:\/\/www.yungayino.cl\/2014\/vacunacion2014.jpg\" width=\"500\" height=\"200\" \/><\/p>\n<p><span style=\"font-size: medium;\">Ni\u00f1os y ni\u00f1as entre 6 y 23 meses, embarazadas desde la semana 13 de gestaci\u00f3n, adultos mayores desde los 65 a\u00f1os y algunos pacientes con enfermedades cr\u00f3nicas son los grupos prioritarios de la vacunaci\u00f3n contra la influenza que se inicio esta semana en todo el pa\u00eds. En \u00d1uble, la vacuna se entregar\u00e1 en forma gratuita\u00a0 en todos los centros de salud familiar (28), postas de salud rural (57) y en los Hospitales Comunitarios de Salud Familiar (5). Se espera inmunizar a 92 mil personas.<\/span><\/p>\n<p><span style=\"font-size: medium;\">El jefe provincial de la Seremi de Salud, Juan Luis Mena y el Director del Servicio de Salud \u00d1uble, Iv\u00e1n Paul, concurrieron hasta el Cesfam Violeta Parra de Chill\u00e1n para verificar el inicio del proceso. \u201cEste programa de inmunizaci\u00f3n del Ministerio de Salud est\u00e1 enfocado en las personas que tienen mayor riesgo de contagiarse y sufrir complicaciones causadas por el virus influenza, definidos de acuerdo a condiciones de salud o edad\u201d, explic\u00f3 el delegado de la seremi, Juan Luis Mena.\u00a0\u00a0\u201cAdem\u00e1s, dijo, tiene un objetivo estrat\u00e9gico que es asegurar el funcionamiento de los servicios de salud, garantizando la continuidad de las atenciones a trav\u00e9s de la inmunizaci\u00f3n de todo el personal de salud tanto del sistema p\u00fablico como privado. En este grupo objetivo la vacunaci\u00f3n comenz\u00f3 el 10 de marzo\u201d.<\/span><\/p>\n<p><span style=\"font-size: medium;\">La enfermera del programa de inmunizaciones, Olga Gonz\u00e1lez, explic\u00f3 que la vacuna anti-influenza del a\u00f1o 2014 est\u00e1 acorde a la situaci\u00f3n mundial y la recomendaci\u00f3n de Organizaci\u00f3n Mundial de la Salud. La vacuna es segura, dijo,\u00a0 y s\u00f3lo est\u00e1 contraindicada para personas con alergia al huevo o\u00a0 alg\u00fan componente de la vacuna y\u00a0 fiebre o infecci\u00f3n aguda. Aclar\u00f3 que se pueden presentar algunas reacciones adversas de manera transitoria como dolor en el sitio de la punci\u00f3n o fiebre que desaparecen dentro de 1 a 2 d\u00edas. La profesional, dijo que para este a\u00f1o el desaf\u00edo es mejorar las coberturas en personas de 65 y m\u00e1s a\u00f1os y de ni\u00f1os y ni\u00f1as entre los 6 y 23 meses de edad, las que el a\u00f1o pasado estuvieron en torno al 86% y el objetivo es lograr un 90% para lograr mejor efectividad. Por ello, el Director del Servicio de Salud \u00d1uble, Iv\u00e1n Paul, se\u00f1al\u00f3 que la red de centros de salud est\u00e1 preparada y que lo m\u00e1s importante es que las personas acudan cuanto antes a vacunarse ya que el organismo desarrolla protecci\u00f3n despu\u00e9s de 2 semanas. \u201cCuando antes se vacunen las personas mucho mejor. As\u00ed estar\u00e1n protegidas para cuando comience la mayor circulaci\u00f3n del virus de la influenza. En la medida en que estemos mejor preparados, podemos evitarnos muchas complicaciones como hospitalizaciones o cuadros m\u00e1s graves\u201d.<\/span><\/p>\n<p><span style=\"font-size: medium;\">El virus influenza (con sus diversas cepas) es responsable de severas infecciones, especialmente respiratorias, que pueden causar complicaciones de gravedad. La vacunaci\u00f3n tiene como objetivo prevenir la hospitalizaci\u00f3n y fallecimiento por esta enfermedad en los segmentos de la poblaci\u00f3n m\u00e1s susceptibles.<\/span><\/p>\n","protected":false},"excerpt":{"rendered":"<p>Ni\u00f1os y ni\u00f1as entre 6 y 23 meses, embarazadas desde la semana 13 de gestaci\u00f3n, adultos mayores desde los 65 a\u00f1os y algunos pacientes con enfermedades cr\u00f3nicas son los grupos prioritarios de la vacunaci\u00f3n&#46;&#46;&#46;<\/p>\n","protected":false},"author":2,"featured_media":16508,"comment_status":"open","ping_status":"open","sticky":false,"template":"","format":"standard","meta":{"footnotes":""},"categories":[1],"tags":[1115,65,877,8,6],"class_list":["post-10793","post","type-post","status-publish","format-standard","has-post-thumbnail","hentry","category-noticias","tag-noticias","tag-salud","tag-vacuna-influenza","tag-yungay","tag-yungayino"],"_links":{"self":[{"href":"https:\/\/www.yungayino.cl\/noticias\/index.php?rest_route=\/wp\/v2\/posts\/10793","targetHints":{"allow":["GET"]}}],"collection":[{"href":"https:\/\/www.yungayino.cl\/noticias\/index.php?rest_route=\/wp\/v2\/posts"}],"about":[{"href":"https:\/\/www.yungayino.cl\/noticias\/index.php?rest_route=\/wp\/v2\/types\/post"}],"author":[{"embeddable":true,"href":"https:\/\/www.yungayino.cl\/noticias\/index.php?rest_route=\/wp\/v2\/users\/2"}],"replies":[{"embeddable":true,"href":"https:\/\/www.yungayino.cl\/noticias\/index.php?rest_route=%2Fwp%2Fv2%2Fcomments&post=10793"}],"version-history":[{"count":1,"href":"https:\/\/www.yungayino.cl\/noticias\/index.php?rest_route=\/wp\/v2\/posts\/10793\/revisions"}],"predecessor-version":[{"id":10795,"href":"https:\/\/www.yungayino.cl\/noticias\/index.php?rest_route=\/wp\/v2\/posts\/10793\/revisions\/10795"}],"wp:featuredmedia":[{"embeddable":true,"href":"https:\/\/www.yungayino.cl\/noticias\/index.php?rest_route=\/wp\/v2\/media\/16508"}],"wp:attachment":[{"href":"https:\/\/www.yungayino.cl\/noticias\/index.php?rest_route=%2Fwp%2Fv2%2Fmedia&parent=10793"}],"wp:term":[{"taxonomy":"category","embeddable":true,"href":"https:\/\/www.yungayino.cl\/noticias\/index.php?rest_route=%2Fwp%2Fv2%2Fcategories&post=10793"},{"taxonomy":"post_tag","embeddable":true,"href":"https:\/\/www.yungayino.cl\/noticias\/index.php?rest_route=%2Fwp%2Fv2%2Ftags&post=10793"}],"curies":[{"name":"wp","href":"https:\/\/api.w.org\/{rel}","templated":true}]}}