{"id":10798,"date":"2014-03-20T13:00:29","date_gmt":"2014-03-20T17:00:29","guid":{"rendered":"http:\/\/www.yungayino.cl\/noticias\/?p=10798"},"modified":"2014-03-20T14:12:42","modified_gmt":"2014-03-20T18:12:42","slug":"comenzo-vacunacion-contra-la-influenza-en-yungay","status":"publish","type":"post","link":"https:\/\/www.yungayino.cl\/noticias\/?p=10798","title":{"rendered":"Comenz\u00f3 Vacunaci\u00f3n Contra la Influenza en Yungay"},"content":{"rendered":"<p><img loading=\"lazy\" decoding=\"async\" alt=\"YUNGAYINO.CL - El Portal de Yungay\" src=\"http:\/\/www.yungayino.cl\/2014\/vacunacionyungay2014.jpg\" width=\"500\" height=\"300\" \/><\/p>\n<p><span style=\"font-size: medium;\">Yungay, a partir del lunes 17 de Marzo comenz\u00f3 la vacunaci\u00f3n contra la Influenza, as\u00ed lo se\u00f1alo al Equipo del Portal la Enfermera, Sandra G\u00f3mez Sep\u00falveda, qui\u00e9n lidera la Sala de Vacunaci\u00f3n del Hospital Comunitario de Salud Familiar Pedro Morales Campos y qui\u00e9n reiter\u00f3 el llamado a la comunidad a concurrir a vacunarse y sobre todo a los ni\u00f1os y ni\u00f1as entre 6 y 23 meses, embarazadas desde la semana 13 de gestaci\u00f3n, adultos mayores desde los 65 a\u00f1os y algunos pacientes con enfermedades cr\u00f3nicas. Cabe mencionar que hasta la fecha van 220 personas<\/span><span style=\"font-size: medium;\"> vacunada<\/span><span style=\"font-size: medium;\">s<\/span><span style=\"font-size: medium;\"> en la comuna de Yungay, sin considerar a Campanario, quienes tambi\u00e9n est\u00e1n realizando esta campa\u00f1a en el Consultorio General Rural de Campanario. Tambi\u00e9n destacar que la vacuna es gratis y que en toda la comuna tanto rural como urbano debieran vacunarse un total de 3600 personas. Finalmente se\u00f1alar que los horarios de atenci\u00f3n son de Lunes a Jueves desde 08:00 a 12:00 horas y de 14:00 a 16:30 horas, y los viernes de 08:00 a 15:30 horas.<\/span><\/p>\n<p><span style=\"font-size: medium;\"><a href=\"https:\/\/www.facebook.com\/media\/set\/?set=a.816245881723786.1073742114.159561284058919&amp;type=3&amp;uploaded=7\">Fotograf\u00edas<\/a><\/span><\/p>\n","protected":false},"excerpt":{"rendered":"<p>Yungay, a partir del lunes 17 de Marzo comenz\u00f3 la vacunaci\u00f3n contra la Influenza, as\u00ed lo se\u00f1alo al Equipo del Portal la Enfermera, Sandra G\u00f3mez Sep\u00falveda, qui\u00e9n lidera la Sala de Vacunaci\u00f3n del Hospital&#46;&#46;&#46;<\/p>\n","protected":false},"author":2,"featured_media":16510,"comment_status":"open","ping_status":"open","sticky":false,"template":"","format":"standard","meta":{"footnotes":""},"categories":[1],"tags":[341,1115,185,8,6],"class_list":["post-10798","post","type-post","status-publish","format-standard","has-post-thumbnail","hentry","category-noticias","tag-influenza","tag-noticias","tag-vacunacion","tag-yungay","tag-yungayino"],"_links":{"self":[{"href":"https:\/\/www.yungayino.cl\/noticias\/index.php?rest_route=\/wp\/v2\/posts\/10798","targetHints":{"allow":["GET"]}}],"collection":[{"href":"https:\/\/www.yungayino.cl\/noticias\/index.php?rest_route=\/wp\/v2\/posts"}],"about":[{"href":"https:\/\/www.yungayino.cl\/noticias\/index.php?rest_route=\/wp\/v2\/types\/post"}],"author":[{"embeddable":true,"href":"https:\/\/www.yungayino.cl\/noticias\/index.php?rest_route=\/wp\/v2\/users\/2"}],"replies":[{"embeddable":true,"href":"https:\/\/www.yungayino.cl\/noticias\/index.php?rest_route=%2Fwp%2Fv2%2Fcomments&post=10798"}],"version-history":[{"count":2,"href":"https:\/\/www.yungayino.cl\/noticias\/index.php?rest_route=\/wp\/v2\/posts\/10798\/revisions"}],"predecessor-version":[{"id":10800,"href":"https:\/\/www.yungayino.cl\/noticias\/index.php?rest_route=\/wp\/v2\/posts\/10798\/revisions\/10800"}],"wp:featuredmedia":[{"embeddable":true,"href":"https:\/\/www.yungayino.cl\/noticias\/index.php?rest_route=\/wp\/v2\/media\/16510"}],"wp:attachment":[{"href":"https:\/\/www.yungayino.cl\/noticias\/index.php?rest_route=%2Fwp%2Fv2%2Fmedia&parent=10798"}],"wp:term":[{"taxonomy":"category","embeddable":true,"href":"https:\/\/www.yungayino.cl\/noticias\/index.php?rest_route=%2Fwp%2Fv2%2Fcategories&post=10798"},{"taxonomy":"post_tag","embeddable":true,"href":"https:\/\/www.yungayino.cl\/noticias\/index.php?rest_route=%2Fwp%2Fv2%2Ftags&post=10798"}],"curies":[{"name":"wp","href":"https:\/\/api.w.org\/{rel}","templated":true}]}}