{"id":10810,"date":"2014-03-27T20:00:36","date_gmt":"2014-03-28T00:00:36","guid":{"rendered":"http:\/\/www.yungayino.cl\/noticias\/?p=10810"},"modified":"2014-03-27T20:52:33","modified_gmt":"2014-03-28T00:52:33","slug":"exposicion-historia-biografica-de-claudio-arrau-leon-se-exhibe-en-biblioteca-publica-de-yungay","status":"publish","type":"post","link":"https:\/\/www.yungayino.cl\/noticias\/?p=10810","title":{"rendered":"Exposici\u00f3n \u201cHistoria Biogr\u00e1fica de Claudio Arrau Le\u00f3n\u201d se Exhibe en Biblioteca P\u00fablica de Yungay"},"content":{"rendered":"<p><img loading=\"lazy\" decoding=\"async\" alt=\"YUNGAYINO.CL - El Portal de Yungay\" src=\"http:\/\/www.yungayino.cl\/2014\/claudioarrau.jpg\" width=\"500\" height=\"300\" \/><\/p>\n<p style=\"text-align: justify;\"><span style=\"font-size: medium;\">Yungay, la administraci\u00f3n de la Biblioteca P\u00fablica de nuestra comuna invita a toda la comunidad a visitar la Exposici\u00f3n <b>\u201cHistoria Biogr\u00e1fica de Claudio Arrau Le\u00f3n\u201d,<\/b> la que actualmente se esta exponiendo y que pertenece a la Municipalidad de Chill\u00e1n. Esta exhibici\u00f3n podr\u00e1 ser visitada hasta el viernes 04 de abril en horario de 09:00 a 13:00 y de 14:00 a 19:00 Hrs. Adem\u00e1s la Biblioteca invita a toda la comunidad a participar de \u201cCursos de Capacitaci\u00f3n en Computaci\u00f3n\u201d estos ser\u00e1n gratis y tendr\u00e1n una duraci\u00f3n de una semana en horario de 09:00 de la ma\u00f1ana a 12:00 Horas. Finalmente destacar que los interesados deben inscribirse en la Biblioteca, ubicada en calle Arturo Prat esquina Tacna.<\/span><\/p>\n<p style=\"text-align: justify;\">\n","protected":false},"excerpt":{"rendered":"<p>Yungay, la administraci\u00f3n de la Biblioteca P\u00fablica de nuestra comuna invita a toda la comunidad a visitar la Exposici\u00f3n \u201cHistoria Biogr\u00e1fica de Claudio Arrau Le\u00f3n\u201d, la que actualmente se esta exponiendo y que pertenece&#46;&#46;&#46;<\/p>\n","protected":false},"author":2,"featured_media":16518,"comment_status":"open","ping_status":"open","sticky":false,"template":"","format":"standard","meta":{"footnotes":""},"categories":[1],"tags":[583,879,1115,8,6],"class_list":["post-10810","post","type-post","status-publish","format-standard","has-post-thumbnail","hentry","category-noticias","tag-biblioteca","tag-claudio-arrau","tag-noticias","tag-yungay","tag-yungayino"],"_links":{"self":[{"href":"https:\/\/www.yungayino.cl\/noticias\/index.php?rest_route=\/wp\/v2\/posts\/10810","targetHints":{"allow":["GET"]}}],"collection":[{"href":"https:\/\/www.yungayino.cl\/noticias\/index.php?rest_route=\/wp\/v2\/posts"}],"about":[{"href":"https:\/\/www.yungayino.cl\/noticias\/index.php?rest_route=\/wp\/v2\/types\/post"}],"author":[{"embeddable":true,"href":"https:\/\/www.yungayino.cl\/noticias\/index.php?rest_route=\/wp\/v2\/users\/2"}],"replies":[{"embeddable":true,"href":"https:\/\/www.yungayino.cl\/noticias\/index.php?rest_route=%2Fwp%2Fv2%2Fcomments&post=10810"}],"version-history":[{"count":2,"href":"https:\/\/www.yungayino.cl\/noticias\/index.php?rest_route=\/wp\/v2\/posts\/10810\/revisions"}],"predecessor-version":[{"id":10812,"href":"https:\/\/www.yungayino.cl\/noticias\/index.php?rest_route=\/wp\/v2\/posts\/10810\/revisions\/10812"}],"wp:featuredmedia":[{"embeddable":true,"href":"https:\/\/www.yungayino.cl\/noticias\/index.php?rest_route=\/wp\/v2\/media\/16518"}],"wp:attachment":[{"href":"https:\/\/www.yungayino.cl\/noticias\/index.php?rest_route=%2Fwp%2Fv2%2Fmedia&parent=10810"}],"wp:term":[{"taxonomy":"category","embeddable":true,"href":"https:\/\/www.yungayino.cl\/noticias\/index.php?rest_route=%2Fwp%2Fv2%2Fcategories&post=10810"},{"taxonomy":"post_tag","embeddable":true,"href":"https:\/\/www.yungayino.cl\/noticias\/index.php?rest_route=%2Fwp%2Fv2%2Ftags&post=10810"}],"curies":[{"name":"wp","href":"https:\/\/api.w.org\/{rel}","templated":true}]}}