{"id":10820,"date":"2014-03-29T19:00:02","date_gmt":"2014-03-29T23:00:02","guid":{"rendered":"http:\/\/www.yungayino.cl\/noticias\/?p=10820"},"modified":"2014-03-29T20:27:06","modified_gmt":"2014-03-30T00:27:06","slug":"inauguran-sala-de-estimulacion-en-cesfam-de-campanario","status":"publish","type":"post","link":"https:\/\/www.yungayino.cl\/noticias\/?p=10820","title":{"rendered":"Inauguran \u201cSala de Estimulaci\u00f3n\u201d en Cesfam de Campanario"},"content":{"rendered":"<p><img loading=\"lazy\" decoding=\"async\" alt=\"YUNGAYINO.CL - El Portal de Yungay\" src=\"http:\/\/www.yungayino.cl\/2014\/salaestimulacioncampanario.jpg\" width=\"500\" height=\"300\" \/><\/p>\n<p style=\"text-align: justify;\"><span style=\"font-size: medium;\">Yungay, con la participaci\u00f3n del Encargado Regional de Chile Crece Contigo, Claudio Freddes, el alcalde Pedro Inostroza e invitados especiales se llev\u00f3 a cabo la ceremonia de inauguraci\u00f3n de la Sala de Estimulaci\u00f3n en el Consultorio Cesfam de Campanario. Las nueva dependencias son parte del Fondo de Apoyo al Desarrollo Infantil que contempla el Sistema de Protecci\u00f3n Integral a la Infancia Chile Crece Contigo, del Gobierno de Chile, y tiene\u00a0como objetivo fomentar el desarrollo y crecimiento de los ni\u00f1os y ni\u00f1as que presentan alg\u00fan grado de rezago.<\/span><\/p>\n<p style=\"text-align: justify;\"><span style=\"font-size: medium;\">La primera autoridad comunal valor\u00f3 el Sistema Chile Crece Contigo \u201cpor su importancia en la primera infancia, sobre todo en el proceso de estimulaci\u00f3n\u201d. Es por eso, que hizo un llamado a los distintos actores que participan del Programa a seguir comprometidos \u201cen las pol\u00edticas sociales, que en este caso benefician a los ni\u00f1os y ni\u00f1as de nuestra sociedad\u201d y felicito a todos los funcionarios por el apoyo en la ejecuci\u00f3n de esta nueva obra para Campanario. Finalmente y para celebrar todos los asistentes compartieron un coctel.<\/span><\/p>\n<p style=\"text-align: justify;\"><a href=\"https:\/\/www.facebook.com\/media\/set\/?set=a.821157537899287.1073742118.159561284058919&amp;type=3&amp;uploaded=56\"><span style=\"font-size: medium;\">Fotograf\u00edas<\/span><\/a><\/p>\n","protected":false},"excerpt":{"rendered":"<p>Yungay, con la participaci\u00f3n del Encargado Regional de Chile Crece Contigo, Claudio Freddes, el alcalde Pedro Inostroza e invitados especiales se llev\u00f3 a cabo la ceremonia de inauguraci\u00f3n de la Sala de Estimulaci\u00f3n en&#46;&#46;&#46;<\/p>\n","protected":false},"author":2,"featured_media":16520,"comment_status":"open","ping_status":"open","sticky":false,"template":"","format":"standard","meta":{"footnotes":""},"categories":[1],"tags":[31,1115,368,8,6],"class_list":["post-10820","post","type-post","status-publish","format-standard","has-post-thumbnail","hentry","category-noticias","tag-campanario","tag-noticias","tag-sala-estimulacion","tag-yungay","tag-yungayino"],"_links":{"self":[{"href":"https:\/\/www.yungayino.cl\/noticias\/index.php?rest_route=\/wp\/v2\/posts\/10820","targetHints":{"allow":["GET"]}}],"collection":[{"href":"https:\/\/www.yungayino.cl\/noticias\/index.php?rest_route=\/wp\/v2\/posts"}],"about":[{"href":"https:\/\/www.yungayino.cl\/noticias\/index.php?rest_route=\/wp\/v2\/types\/post"}],"author":[{"embeddable":true,"href":"https:\/\/www.yungayino.cl\/noticias\/index.php?rest_route=\/wp\/v2\/users\/2"}],"replies":[{"embeddable":true,"href":"https:\/\/www.yungayino.cl\/noticias\/index.php?rest_route=%2Fwp%2Fv2%2Fcomments&post=10820"}],"version-history":[{"count":2,"href":"https:\/\/www.yungayino.cl\/noticias\/index.php?rest_route=\/wp\/v2\/posts\/10820\/revisions"}],"predecessor-version":[{"id":10822,"href":"https:\/\/www.yungayino.cl\/noticias\/index.php?rest_route=\/wp\/v2\/posts\/10820\/revisions\/10822"}],"wp:featuredmedia":[{"embeddable":true,"href":"https:\/\/www.yungayino.cl\/noticias\/index.php?rest_route=\/wp\/v2\/media\/16520"}],"wp:attachment":[{"href":"https:\/\/www.yungayino.cl\/noticias\/index.php?rest_route=%2Fwp%2Fv2%2Fmedia&parent=10820"}],"wp:term":[{"taxonomy":"category","embeddable":true,"href":"https:\/\/www.yungayino.cl\/noticias\/index.php?rest_route=%2Fwp%2Fv2%2Fcategories&post=10820"},{"taxonomy":"post_tag","embeddable":true,"href":"https:\/\/www.yungayino.cl\/noticias\/index.php?rest_route=%2Fwp%2Fv2%2Ftags&post=10820"}],"curies":[{"name":"wp","href":"https:\/\/api.w.org\/{rel}","templated":true}]}}