{"id":10824,"date":"2014-04-02T18:00:55","date_gmt":"2014-04-02T22:00:55","guid":{"rendered":"http:\/\/www.yungayino.cl\/noticias\/?p=10824"},"modified":"2014-04-27T18:48:57","modified_gmt":"2014-04-27T22:48:57","slug":"gran-show-a-beneficio-de-pedro-perez-ramirez","status":"publish","type":"post","link":"https:\/\/www.yungayino.cl\/noticias\/?p=10824","title":{"rendered":"Gran Show a Beneficio de  \u201cPedro P\u00e9rez Ram\u00edrez\u201d"},"content":{"rendered":"<p style=\"text-align: justify;\"><img loading=\"lazy\" decoding=\"async\" alt=\"YUNGAYINO.CL - El Portal de Yungay\" src=\"http:\/\/www.yungayino.cl\/2014\/beneficiopedroperez.jpg\" width=\"500\" height=\"129\" \/><\/p>\n<p style=\"text-align: justify;\"><span style=\"font-size: medium;\">Yungay,<b> <\/b>se invita a toda la comunidad a sumarse a esta maravillosa cruzada de amor, esperanza y solidaridad, por la recuperaci\u00f3n de \u201c<b>Pedrito Perez Ram\u00edrez\u201d <\/b>un joven yungayino de 17 a\u00f1os, qui\u00e9n desde hace 10 meses<b> <\/b>se encuentra en la UCI de Chillan conectado a un ventilador y tetraplejico y que pronto ser\u00e1 derivado a su hogar. Por lo tanto para poder tener las mismas condiciones del hospital y adaptar las instalaciones en el hogar la familia esta organizando un show para reunir recursos, y as\u00ed dar una mejor calidad de vida a Pedrito. Destacar que el show se realizar\u00e1 en el Gimnasio Multiuso el d\u00eda viernes 25 de abril a las 22:30 horas y la entrada tendr\u00e1 un valor de $1000, las cuales ya se encuentran a la venta en Angamos #116 (Peluquer\u00eda) al lado del Supermercado Ahorromarket. Finalmente mencionar que el show contar\u00e1 con la participaci\u00f3n de\u00a0 Dany Humor, Camale\u00f3n Landaez, Los Hermanos Flores, Los Charros de Tucapel y Los Halcones Negros.<\/span><\/p>\n<p>&nbsp;<\/p>\n<p>&nbsp;<\/p>\n","protected":false},"excerpt":{"rendered":"<p>Yungay, se invita a toda la comunidad a sumarse a esta maravillosa cruzada de amor, esperanza y solidaridad, por la recuperaci\u00f3n de \u201cPedrito Perez Ram\u00edrez\u201d un joven yungayino de 17 a\u00f1os, qui\u00e9n desde hace&#46;&#46;&#46;<\/p>\n","protected":false},"author":2,"featured_media":10841,"comment_status":"open","ping_status":"open","sticky":false,"template":"","format":"standard","meta":{"footnotes":""},"categories":[1],"tags":[1115,737,8,6],"class_list":["post-10824","post","type-post","status-publish","format-standard","has-post-thumbnail","hentry","category-noticias","tag-noticias","tag-pedro-perez","tag-yungay","tag-yungayino"],"_links":{"self":[{"href":"https:\/\/www.yungayino.cl\/noticias\/index.php?rest_route=\/wp\/v2\/posts\/10824","targetHints":{"allow":["GET"]}}],"collection":[{"href":"https:\/\/www.yungayino.cl\/noticias\/index.php?rest_route=\/wp\/v2\/posts"}],"about":[{"href":"https:\/\/www.yungayino.cl\/noticias\/index.php?rest_route=\/wp\/v2\/types\/post"}],"author":[{"embeddable":true,"href":"https:\/\/www.yungayino.cl\/noticias\/index.php?rest_route=\/wp\/v2\/users\/2"}],"replies":[{"embeddable":true,"href":"https:\/\/www.yungayino.cl\/noticias\/index.php?rest_route=%2Fwp%2Fv2%2Fcomments&post=10824"}],"version-history":[{"count":3,"href":"https:\/\/www.yungayino.cl\/noticias\/index.php?rest_route=\/wp\/v2\/posts\/10824\/revisions"}],"predecessor-version":[{"id":10836,"href":"https:\/\/www.yungayino.cl\/noticias\/index.php?rest_route=\/wp\/v2\/posts\/10824\/revisions\/10836"}],"wp:featuredmedia":[{"embeddable":true,"href":"https:\/\/www.yungayino.cl\/noticias\/index.php?rest_route=\/wp\/v2\/media\/10841"}],"wp:attachment":[{"href":"https:\/\/www.yungayino.cl\/noticias\/index.php?rest_route=%2Fwp%2Fv2%2Fmedia&parent=10824"}],"wp:term":[{"taxonomy":"category","embeddable":true,"href":"https:\/\/www.yungayino.cl\/noticias\/index.php?rest_route=%2Fwp%2Fv2%2Fcategories&post=10824"},{"taxonomy":"post_tag","embeddable":true,"href":"https:\/\/www.yungayino.cl\/noticias\/index.php?rest_route=%2Fwp%2Fv2%2Ftags&post=10824"}],"curies":[{"name":"wp","href":"https:\/\/api.w.org\/{rel}","templated":true}]}}