{"id":10853,"date":"2014-04-07T10:00:55","date_gmt":"2014-04-07T14:00:55","guid":{"rendered":"http:\/\/www.yungayino.cl\/noticias\/?p=10853"},"modified":"2014-04-07T12:51:10","modified_gmt":"2014-04-07T16:51:10","slug":"carabineros-dicta-charla-sobre-seguridad-de-transito-en-colegio-cholguan","status":"publish","type":"post","link":"https:\/\/www.yungayino.cl\/noticias\/?p=10853","title":{"rendered":"Carabineros Dicta Charla sobre Seguridad de Tr\u00e1nsito en Colegio Cholgu\u00e1n"},"content":{"rendered":"<p><img loading=\"lazy\" decoding=\"async\" alt=\"YUNGAYINO.CL - El Portal de Yungay\" src=\"http:\/\/www.yungayino.cl\/2014\/charlacarabineros201404.jpg\" width=\"500\" height=\"200\" \/><\/p>\n<p><span style=\"font-size: small; font-family: arial,helvetica,sans-serif;\">Cholgu\u00e1n, el pasado lunes 31 de marzo, el Suboficial de Carabineros Juan Carlos Espinoza Jara, de dotaci\u00f3n de la Cuarta Comisar\u00eda de Yungay, realizo dos charlas en el Colegio Cholgu\u00e1n, en la ma\u00f1ana con los alumnos de tercero a cuarto b\u00e1sico y en la tarde con los padres y apoderados de los microcentros y del Centro General de Padres y Apoderados.<\/span><\/p>\n<p><span style=\"font-size: small; font-family: arial,helvetica,sans-serif;\">El tema tratado fue la seguridad en el Transito y Furgones Escolares Seguros. Con todo lo anterior se pretende crear conciencia en los alumnos del buen uso de las v\u00edas p\u00fablicas, haciendo valer sus derechos y deberes como peatones. A los padres el mensaje es observar bien que furg\u00f3n escolar van a contratar para sus hijos, por lo cual se le entregaron las herramientas b\u00e1sicas para que contraten un vehiculo, percat\u00e1ndose si estos transportes est\u00e1n inscritos en el Registro Nacional de Transporte Escolar y ante la SEREMI del B\u00edob\u00edo.<\/span><\/p>\n<p>&nbsp;<\/p>\n","protected":false},"excerpt":{"rendered":"<p>Cholgu\u00e1n, el pasado lunes 31 de marzo, el Suboficial de Carabineros Juan Carlos Espinoza Jara, de dotaci\u00f3n de la Cuarta Comisar\u00eda de Yungay, realizo dos charlas en el Colegio Cholgu\u00e1n, en la ma\u00f1ana con&#46;&#46;&#46;<\/p>\n","protected":false},"author":2,"featured_media":16526,"comment_status":"open","ping_status":"open","sticky":false,"template":"","format":"standard","meta":{"footnotes":""},"categories":[32],"tags":[25,1115,8,6],"class_list":["post-10853","post","type-post","status-publish","format-standard","has-post-thumbnail","hentry","category-servicios","tag-carabineros","tag-noticias","tag-yungay","tag-yungayino"],"_links":{"self":[{"href":"https:\/\/www.yungayino.cl\/noticias\/index.php?rest_route=\/wp\/v2\/posts\/10853","targetHints":{"allow":["GET"]}}],"collection":[{"href":"https:\/\/www.yungayino.cl\/noticias\/index.php?rest_route=\/wp\/v2\/posts"}],"about":[{"href":"https:\/\/www.yungayino.cl\/noticias\/index.php?rest_route=\/wp\/v2\/types\/post"}],"author":[{"embeddable":true,"href":"https:\/\/www.yungayino.cl\/noticias\/index.php?rest_route=\/wp\/v2\/users\/2"}],"replies":[{"embeddable":true,"href":"https:\/\/www.yungayino.cl\/noticias\/index.php?rest_route=%2Fwp%2Fv2%2Fcomments&post=10853"}],"version-history":[{"count":2,"href":"https:\/\/www.yungayino.cl\/noticias\/index.php?rest_route=\/wp\/v2\/posts\/10853\/revisions"}],"predecessor-version":[{"id":10855,"href":"https:\/\/www.yungayino.cl\/noticias\/index.php?rest_route=\/wp\/v2\/posts\/10853\/revisions\/10855"}],"wp:featuredmedia":[{"embeddable":true,"href":"https:\/\/www.yungayino.cl\/noticias\/index.php?rest_route=\/wp\/v2\/media\/16526"}],"wp:attachment":[{"href":"https:\/\/www.yungayino.cl\/noticias\/index.php?rest_route=%2Fwp%2Fv2%2Fmedia&parent=10853"}],"wp:term":[{"taxonomy":"category","embeddable":true,"href":"https:\/\/www.yungayino.cl\/noticias\/index.php?rest_route=%2Fwp%2Fv2%2Fcategories&post=10853"},{"taxonomy":"post_tag","embeddable":true,"href":"https:\/\/www.yungayino.cl\/noticias\/index.php?rest_route=%2Fwp%2Fv2%2Ftags&post=10853"}],"curies":[{"name":"wp","href":"https:\/\/api.w.org\/{rel}","templated":true}]}}