{"id":10863,"date":"2014-04-07T17:00:42","date_gmt":"2014-04-07T21:00:42","guid":{"rendered":"http:\/\/www.yungayino.cl\/noticias\/?p=10863"},"modified":"2014-04-07T17:22:09","modified_gmt":"2014-04-07T21:22:09","slug":"grupo-folclorico-de-adultos-mayores-andalican-de-yungay-visito-hogar-de-ancianos","status":"publish","type":"post","link":"https:\/\/www.yungayino.cl\/noticias\/?p=10863","title":{"rendered":"Grupo Folcl\u00f3rico de Adultos Mayores \u201cANDALICAN\u201d de Yungay Visit\u00f3 Hogar de Ancianos"},"content":{"rendered":"<p><img loading=\"lazy\" decoding=\"async\" alt=\"YUNGAYINO.CL - El Portal de Yungay\" src=\"http:\/\/www.yungayino.cl\/2014\/hogarancianos201404.jpg\" width=\"500\" height=\"300\" \/><\/p>\n<p style=\"text-align: justify;\"><span style=\"font-size: medium;\">Yungay, el Grupo Folcl\u00f3rico de adultos mayores <b>\u201cANDALICAN\u201d<\/b>, visit\u00f3 el domingo 06 de abril el hogar de ancianos Nuestra Se\u00f1ora de la Merced, con la finalidad de entregar un momento de felicidad y una tarde de distracci\u00f3n, a los abuelitos y abuelitas que se encuentran en este hogar. Destacar este gesto que sin duda fue muy grato para los abuelitos, quienes se integraron para participar activamente bailando, aplaudiendo y coreando las canciones. Se\u00f1alar que <b>\u201cANDALICAN\u201d<\/b>, es una agrupaci\u00f3n nueva compuesta por 28 adultos mayores de nuestra comuna, as\u00ed lo destac\u00f3 su monitor Carlos Gonz\u00e1lez, qui\u00e9n adem\u00e1s se\u00f1al\u00f3 el apoyo dado por el Departamento Municipal de DIDECO en la formaci\u00f3n. Mencionar tambi\u00e9n que en la jornada estuvo presente la concejala Ang\u00e9lica Cabezas apoyando la actividad y destac\u00f3 la iniciativa del grupo folcl\u00f3rico. Finalmente para terminar la exitosa tarde se comparti\u00f3 un coctel especialmente preparados para los abuelitos.<\/span><\/p>\n<p style=\"text-align: justify;\"><a href=\"https:\/\/www.facebook.com\/media\/set\/?set=a.826797367335304.1073742126.159561284058919&amp;type=3&amp;uploaded=66\"><span style=\"font-size: medium;\">Fotograf\u00edas<\/span><\/a><\/p>\n","protected":false},"excerpt":{"rendered":"<p>Yungay, el Grupo Folcl\u00f3rico de adultos mayores \u201cANDALICAN\u201d, visit\u00f3 el domingo 06 de abril el hogar de ancianos Nuestra Se\u00f1ora de la Merced, con la finalidad de entregar un momento de felicidad y una&#46;&#46;&#46;<\/p>\n","protected":false},"author":2,"featured_media":16529,"comment_status":"open","ping_status":"open","sticky":false,"template":"","format":"standard","meta":{"footnotes":""},"categories":[1],"tags":[883,420,1115,8,6],"class_list":["post-10863","post","type-post","status-publish","format-standard","has-post-thumbnail","hentry","category-noticias","tag-andalican","tag-hogar-de-ancianos","tag-noticias","tag-yungay","tag-yungayino"],"_links":{"self":[{"href":"https:\/\/www.yungayino.cl\/noticias\/index.php?rest_route=\/wp\/v2\/posts\/10863","targetHints":{"allow":["GET"]}}],"collection":[{"href":"https:\/\/www.yungayino.cl\/noticias\/index.php?rest_route=\/wp\/v2\/posts"}],"about":[{"href":"https:\/\/www.yungayino.cl\/noticias\/index.php?rest_route=\/wp\/v2\/types\/post"}],"author":[{"embeddable":true,"href":"https:\/\/www.yungayino.cl\/noticias\/index.php?rest_route=\/wp\/v2\/users\/2"}],"replies":[{"embeddable":true,"href":"https:\/\/www.yungayino.cl\/noticias\/index.php?rest_route=%2Fwp%2Fv2%2Fcomments&post=10863"}],"version-history":[{"count":2,"href":"https:\/\/www.yungayino.cl\/noticias\/index.php?rest_route=\/wp\/v2\/posts\/10863\/revisions"}],"predecessor-version":[{"id":10865,"href":"https:\/\/www.yungayino.cl\/noticias\/index.php?rest_route=\/wp\/v2\/posts\/10863\/revisions\/10865"}],"wp:featuredmedia":[{"embeddable":true,"href":"https:\/\/www.yungayino.cl\/noticias\/index.php?rest_route=\/wp\/v2\/media\/16529"}],"wp:attachment":[{"href":"https:\/\/www.yungayino.cl\/noticias\/index.php?rest_route=%2Fwp%2Fv2%2Fmedia&parent=10863"}],"wp:term":[{"taxonomy":"category","embeddable":true,"href":"https:\/\/www.yungayino.cl\/noticias\/index.php?rest_route=%2Fwp%2Fv2%2Fcategories&post=10863"},{"taxonomy":"post_tag","embeddable":true,"href":"https:\/\/www.yungayino.cl\/noticias\/index.php?rest_route=%2Fwp%2Fv2%2Ftags&post=10863"}],"curies":[{"name":"wp","href":"https:\/\/api.w.org\/{rel}","templated":true}]}}