{"id":10873,"date":"2014-04-13T10:00:03","date_gmt":"2014-04-13T14:00:03","guid":{"rendered":"http:\/\/www.yungayino.cl\/noticias\/?p=10873"},"modified":"2014-04-14T18:29:28","modified_gmt":"2014-04-14T22:29:28","slug":"superintendencia-regional-de-educacion-capacita-a-equipo-directivo-y-docentes-del-daem-de-yungay-y-pemuco","status":"publish","type":"post","link":"https:\/\/www.yungayino.cl\/noticias\/?p=10873","title":{"rendered":"Superintendencia Regional de Educaci\u00f3n Capacita a Equipo Directivo y Docentes del DAEM  de Yungay y Pemuco"},"content":{"rendered":"<p><img loading=\"lazy\" decoding=\"async\" alt=\"YUNGAYINO.CL - El Portal de Yungay\" src=\"http:\/\/www.yungayino.cl\/2014\/daem20140413.jpg\" width=\"500\" height=\"300\" \/><\/p>\n<p style=\"text-align: justify;\"><span style=\"font-size: medium;\">Yungay, en las dependencias de la Biblioteca Publica de Yungay se llevo a cabo el pasado jueves 10 de abril a partir de las 15:30 horas, un programa de capacitaci\u00f3n sobre \u201cEl Plan Anual de Fiscalizaci\u00f3n\u201d, el cual fue dictado por la Superintendencia Regional de Educaci\u00f3n para los Directores y Docentes de los Departamentos de Educaci\u00f3n de Yungay y Pemuco. El Plan Anual de Fiscalizaci\u00f3n es la herramienta de planificaci\u00f3n, ejecuci\u00f3n, control y monitoreo de la funci\u00f3n de fiscalizaci\u00f3n que ejerce la Superintendencia de Educaci\u00f3n Escolar a los establecimientos educacionales, de manera de salvaguardar el cumplimiento de la normativa educacional. Finalmente mencionar que la actividad estuvo encabezada por la Directora DAEM Yungay, Eugenia L\u00f3pez, qui\u00e9n manifest\u00f3 su satisfacci\u00f3n por esta capacitaci\u00f3n, ya que estas asesorar\u00edas son fundamentales para contribuir con el buen funcionamiento de los establecimientos educacionales y el cumplimiento normativo y para ello desarrollamos permanentemente estas acciones con el objeto de generar habilidades y conocimientos necesarios, para aportar en la mejora continua de la gesti\u00f3n de las unidades educativas de nuestra comuna.<\/span><\/p>\n<p style=\"text-align: justify;\"><a href=\"https:\/\/www.facebook.com\/media\/set\/?set=a.830832530265121.1073742129.159561284058919&amp;type=3&amp;uploaded=13\"><span style=\"font-size: medium;\">Fotograf\u00edas<\/span><\/a><\/p>\n<p>&nbsp;<\/p>\n","protected":false},"excerpt":{"rendered":"<p>Yungay, en las dependencias de la Biblioteca Publica de Yungay se llevo a cabo el pasado jueves 10 de abril a partir de las 15:30 horas, un programa de capacitaci\u00f3n sobre \u201cEl Plan Anual&#46;&#46;&#46;<\/p>\n","protected":false},"author":2,"featured_media":16531,"comment_status":"open","ping_status":"open","sticky":false,"template":"","format":"standard","meta":{"footnotes":""},"categories":[1],"tags":[355,1115,8,6],"class_list":["post-10873","post","type-post","status-publish","format-standard","has-post-thumbnail","hentry","category-noticias","tag-daem","tag-noticias","tag-yungay","tag-yungayino"],"_links":{"self":[{"href":"https:\/\/www.yungayino.cl\/noticias\/index.php?rest_route=\/wp\/v2\/posts\/10873","targetHints":{"allow":["GET"]}}],"collection":[{"href":"https:\/\/www.yungayino.cl\/noticias\/index.php?rest_route=\/wp\/v2\/posts"}],"about":[{"href":"https:\/\/www.yungayino.cl\/noticias\/index.php?rest_route=\/wp\/v2\/types\/post"}],"author":[{"embeddable":true,"href":"https:\/\/www.yungayino.cl\/noticias\/index.php?rest_route=\/wp\/v2\/users\/2"}],"replies":[{"embeddable":true,"href":"https:\/\/www.yungayino.cl\/noticias\/index.php?rest_route=%2Fwp%2Fv2%2Fcomments&post=10873"}],"version-history":[{"count":1,"href":"https:\/\/www.yungayino.cl\/noticias\/index.php?rest_route=\/wp\/v2\/posts\/10873\/revisions"}],"predecessor-version":[{"id":10874,"href":"https:\/\/www.yungayino.cl\/noticias\/index.php?rest_route=\/wp\/v2\/posts\/10873\/revisions\/10874"}],"wp:featuredmedia":[{"embeddable":true,"href":"https:\/\/www.yungayino.cl\/noticias\/index.php?rest_route=\/wp\/v2\/media\/16531"}],"wp:attachment":[{"href":"https:\/\/www.yungayino.cl\/noticias\/index.php?rest_route=%2Fwp%2Fv2%2Fmedia&parent=10873"}],"wp:term":[{"taxonomy":"category","embeddable":true,"href":"https:\/\/www.yungayino.cl\/noticias\/index.php?rest_route=%2Fwp%2Fv2%2Fcategories&post=10873"},{"taxonomy":"post_tag","embeddable":true,"href":"https:\/\/www.yungayino.cl\/noticias\/index.php?rest_route=%2Fwp%2Fv2%2Ftags&post=10873"}],"curies":[{"name":"wp","href":"https:\/\/api.w.org\/{rel}","templated":true}]}}