{"id":10875,"date":"2014-04-15T08:00:42","date_gmt":"2014-04-15T12:00:42","guid":{"rendered":"http:\/\/www.yungayino.cl\/noticias\/?p=10875"},"modified":"2014-04-15T08:54:53","modified_gmt":"2014-04-15T12:54:53","slug":"en-yungay-cientos-de-escolares-celebraron-el-dia-internacional-de-actividad-fisica","status":"publish","type":"post","link":"https:\/\/www.yungayino.cl\/noticias\/?p=10875","title":{"rendered":"En Yungay Cientos de Escolares Celebraron el \u201cD\u00eda Internacional de Actividad F\u00edsica\u201d"},"content":{"rendered":"<p><img loading=\"lazy\" decoding=\"async\" alt=\"YUNGAYINO.CL - El Portal de Yungay\" src=\"http:\/\/www.yungayino.cl\/2014\/diaactividadfisica2014.jpg\" width=\"500\" height=\"300\" \/><\/p>\n<p style=\"text-align: justify;\"><span style=\"font-size: medium;\">Yungay, cientos de escolares celebraron el \u201cD\u00eda Internacional de la Actividad F\u00edsica\u201d el pasado viernes 11 de abril 2014, la cual fue coordinada por el Departamento de Educaci\u00f3n Comunal, y cont\u00f3 con el apoyo de las Escuelas y Liceos Municipalizados, adem\u00e1s de los Colegios Particulares y subvencionados. Las actividades se iniciaron con una marat\u00f3n de Zumba la que se llevo a cabo en el Gimnasio Sal\u00f3n Multiuso y donde participaron alumnos de tercero, cuarto y quinto b\u00e1sico. Tambi\u00e9n se realizo una corrida de 3 kil\u00f3metros por las calles de nuestra comuna con la colaboraci\u00f3n de Carabineros y donde participaron alumnos pertenecientes a sextos, s\u00e9ptimos, octavos y ense\u00f1anza media. Finalmente se destac\u00f3 la gran participaci\u00f3n y el objetivo que fue de recrear, adem\u00e1s de dar formaci\u00f3n del h\u00e1bito de la vida saludable a trav\u00e9s de la pr\u00e1ctica deportiva.<\/span><\/p>\n<p style=\"text-align: justify;\"><a href=\"https:\/\/www.facebook.com\/media\/set\/?set=a.831113970236977.1073742130.159561284058919&amp;type=3&amp;uploaded=94\"><span style=\"font-size: medium;\">Fotograf\u00edas<\/span><\/a><\/p>\n","protected":false},"excerpt":{"rendered":"<p>Yungay, cientos de escolares celebraron el \u201cD\u00eda Internacional de la Actividad F\u00edsica\u201d el pasado viernes 11 de abril 2014, la cual fue coordinada por el Departamento de Educaci\u00f3n Comunal, y cont\u00f3 con el apoyo&#46;&#46;&#46;<\/p>\n","protected":false},"author":2,"featured_media":16532,"comment_status":"open","ping_status":"open","sticky":false,"template":"","format":"standard","meta":{"footnotes":""},"categories":[1],"tags":[885,1115,8,6],"class_list":["post-10875","post","type-post","status-publish","format-standard","has-post-thumbnail","hentry","category-noticias","tag-dia-educacaion-fisica","tag-noticias","tag-yungay","tag-yungayino"],"_links":{"self":[{"href":"https:\/\/www.yungayino.cl\/noticias\/index.php?rest_route=\/wp\/v2\/posts\/10875","targetHints":{"allow":["GET"]}}],"collection":[{"href":"https:\/\/www.yungayino.cl\/noticias\/index.php?rest_route=\/wp\/v2\/posts"}],"about":[{"href":"https:\/\/www.yungayino.cl\/noticias\/index.php?rest_route=\/wp\/v2\/types\/post"}],"author":[{"embeddable":true,"href":"https:\/\/www.yungayino.cl\/noticias\/index.php?rest_route=\/wp\/v2\/users\/2"}],"replies":[{"embeddable":true,"href":"https:\/\/www.yungayino.cl\/noticias\/index.php?rest_route=%2Fwp%2Fv2%2Fcomments&post=10875"}],"version-history":[{"count":2,"href":"https:\/\/www.yungayino.cl\/noticias\/index.php?rest_route=\/wp\/v2\/posts\/10875\/revisions"}],"predecessor-version":[{"id":10877,"href":"https:\/\/www.yungayino.cl\/noticias\/index.php?rest_route=\/wp\/v2\/posts\/10875\/revisions\/10877"}],"wp:featuredmedia":[{"embeddable":true,"href":"https:\/\/www.yungayino.cl\/noticias\/index.php?rest_route=\/wp\/v2\/media\/16532"}],"wp:attachment":[{"href":"https:\/\/www.yungayino.cl\/noticias\/index.php?rest_route=%2Fwp%2Fv2%2Fmedia&parent=10875"}],"wp:term":[{"taxonomy":"category","embeddable":true,"href":"https:\/\/www.yungayino.cl\/noticias\/index.php?rest_route=%2Fwp%2Fv2%2Fcategories&post=10875"},{"taxonomy":"post_tag","embeddable":true,"href":"https:\/\/www.yungayino.cl\/noticias\/index.php?rest_route=%2Fwp%2Fv2%2Ftags&post=10875"}],"curies":[{"name":"wp","href":"https:\/\/api.w.org\/{rel}","templated":true}]}}