{"id":10878,"date":"2014-04-15T18:00:48","date_gmt":"2014-04-15T22:00:48","guid":{"rendered":"http:\/\/www.yungayino.cl\/noticias\/?p=10878"},"modified":"2014-04-15T22:13:21","modified_gmt":"2014-04-16T02:13:21","slug":"magisterio-de-yungay-celebro-el-dia-de-la-educacion-rural","status":"publish","type":"post","link":"https:\/\/www.yungayino.cl\/noticias\/?p=10878","title":{"rendered":"Magisterio de Yungay Celebro el \u201cD\u00eda de la Educaci\u00f3n Rural\u201d"},"content":{"rendered":"<p><img loading=\"lazy\" decoding=\"async\" alt=\"YUNGAYINO.CL - El Portal de Yungay\" src=\"http:\/\/www.yungayino.cl\/2014\/profesoresrurales201404.jpg\" width=\"500\" height=\"300\" \/><\/p>\n<p style=\"text-align: justify;\"><span style=\"font-size: medium;\">Yungay, con motivo de la celebraci\u00f3n del \u201cD\u00eda de la Educaci\u00f3n Rural\u201d el Magisterio de Profesores de Yungay encabezados por sus dirigentes Renato Vega y Jorge Campos, realizaron un almuerzo de camarader\u00eda en el Hotel Francia a todos los profesores que se desempe\u00f1an en los establecimientos educacionales del \u00e1mbito rural de Yungay. Al evento asistieron en forma especial la Directora de Educaci\u00f3n Municipal Yungay, Eugenia L\u00f3pez y el Jefe de Personal, Andr\u00e9s Navarro. Finalmente y junto con la natural alegr\u00eda y fraternidad del encuentro realizado se hizo entrega de algunos reconocimientos a los profesores.<\/span><\/p>\n<p style=\"text-align: justify;\"><a href=\"https:\/\/www.facebook.com\/media\/set\/?set=a.831441540204220.1073742131.159561284058919&amp;type=3&amp;uploaded=20\"><span style=\"font-size: medium;\">Fotograf\u00edas<\/span><\/a><\/p>\n<p>&nbsp;<\/p>\n","protected":false},"excerpt":{"rendered":"<p>Yungay, con motivo de la celebraci\u00f3n del \u201cD\u00eda de la Educaci\u00f3n Rural\u201d el Magisterio de Profesores de Yungay encabezados por sus dirigentes Renato Vega y Jorge Campos, realizaron un almuerzo de camarader\u00eda en el&#46;&#46;&#46;<\/p>\n","protected":false},"author":2,"featured_media":16533,"comment_status":"open","ping_status":"open","sticky":false,"template":"","format":"standard","meta":{"footnotes":""},"categories":[1],"tags":[366,1115,42,8,6],"class_list":["post-10878","post","type-post","status-publish","format-standard","has-post-thumbnail","hentry","category-noticias","tag-educacion","tag-noticias","tag-profesores","tag-yungay","tag-yungayino"],"_links":{"self":[{"href":"https:\/\/www.yungayino.cl\/noticias\/index.php?rest_route=\/wp\/v2\/posts\/10878","targetHints":{"allow":["GET"]}}],"collection":[{"href":"https:\/\/www.yungayino.cl\/noticias\/index.php?rest_route=\/wp\/v2\/posts"}],"about":[{"href":"https:\/\/www.yungayino.cl\/noticias\/index.php?rest_route=\/wp\/v2\/types\/post"}],"author":[{"embeddable":true,"href":"https:\/\/www.yungayino.cl\/noticias\/index.php?rest_route=\/wp\/v2\/users\/2"}],"replies":[{"embeddable":true,"href":"https:\/\/www.yungayino.cl\/noticias\/index.php?rest_route=%2Fwp%2Fv2%2Fcomments&post=10878"}],"version-history":[{"count":2,"href":"https:\/\/www.yungayino.cl\/noticias\/index.php?rest_route=\/wp\/v2\/posts\/10878\/revisions"}],"predecessor-version":[{"id":10880,"href":"https:\/\/www.yungayino.cl\/noticias\/index.php?rest_route=\/wp\/v2\/posts\/10878\/revisions\/10880"}],"wp:featuredmedia":[{"embeddable":true,"href":"https:\/\/www.yungayino.cl\/noticias\/index.php?rest_route=\/wp\/v2\/media\/16533"}],"wp:attachment":[{"href":"https:\/\/www.yungayino.cl\/noticias\/index.php?rest_route=%2Fwp%2Fv2%2Fmedia&parent=10878"}],"wp:term":[{"taxonomy":"category","embeddable":true,"href":"https:\/\/www.yungayino.cl\/noticias\/index.php?rest_route=%2Fwp%2Fv2%2Fcategories&post=10878"},{"taxonomy":"post_tag","embeddable":true,"href":"https:\/\/www.yungayino.cl\/noticias\/index.php?rest_route=%2Fwp%2Fv2%2Ftags&post=10878"}],"curies":[{"name":"wp","href":"https:\/\/api.w.org\/{rel}","templated":true}]}}