{"id":10907,"date":"2014-04-27T19:00:31","date_gmt":"2014-04-27T23:00:31","guid":{"rendered":"http:\/\/www.yungayino.cl\/noticias\/?p=10907"},"modified":"2014-05-27T20:39:20","modified_gmt":"2014-05-28T00:39:20","slug":"carabineros-de-la-cuarta-comisaria-de-yungay-realizo-ceremonia-de-su-aniversario-87-e-invita-a-la-comunidad-a-acto-oficial","status":"publish","type":"post","link":"https:\/\/www.yungayino.cl\/noticias\/?p=10907","title":{"rendered":"Carabineros de la Cuarta Comisar\u00eda de Yungay Realizo Ceremonia de su Aniversario 87\u00b0 e Invita a la Comunidad a Acto Oficial"},"content":{"rendered":"<p style=\"text-align: justify;\"><img loading=\"lazy\" decoding=\"async\" alt=\"YUNGAYINO.CL - El Portal de Yungay  \" src=\"http:\/\/www.yungayino.cl\/2014\/carabineros20140427.jpg\" width=\"500\" height=\"300\" \/><\/p>\n<p style=\"text-align: justify;\"><span style=\"font-size: medium;\">Yungay, domingo 27 de abril 2014 con motivo de la celebraci\u00f3n de un nuevo Aniversario de la Instituci\u00f3n de <a href=\"http:\/\/www.carabineros.cl\">Carabineros<\/a> de Chile, se realiz\u00f3 en la Cuarta Comisar\u00eda de Yungay una Ceremonia de Honor a la Instituci\u00f3n, donde estuvo encabezada por el Mayor Darwin Illanes Aguilera y donde se dieron cita el Alcalde Pedro Inostroza, Miembros del Concejo Municipal, Ex Funcionarios de Carabineros, Invitados especiales y familiares. En la ocasi\u00f3n tambi\u00e9n se realizaron ascensos a funcionarios en merito de sus esfuerzos profesionales y personales, adem\u00e1s de entrega de condecoraciones a funcionarios por cumplir 20 y 30 a\u00f1os de servicio a la instituci\u00f3n. Finalmente el Mayor de Carabineros, Darwin Illanes Aguilera, felicito a todos los funcionarios ascendidos e hizo una invitaci\u00f3n a toda la comunidad yungayina a participar para este martes 29 de abril a partir de la 11:00 horas en el Frontis de la Municipalidad a un acto oficial, donde se realizar\u00e1 un desfile, el cu\u00e1l contar\u00e1 con la participaci\u00f3n de aspirantes a oficiales, una secci\u00f3n de Carabineros de Concepci\u00f3n, la secci\u00f3n montada y perros policiales, una secci\u00f3n femenina, una secci\u00f3n motorizada, adem\u00e1s de la Banda Instrumental Escuela Formaci\u00f3n de Carabineros. Destacar que en este acto se contar\u00e1 con la presencia de autoridades del Alto Mando.<\/span><\/p>\n<p style=\"text-align: justify;\"><span style=\"font-size: medium;\"><a href=\"https:\/\/www.facebook.com\/media\/set\/?set=a.838578592823848.1073742135.159561284058919&amp;type=3&amp;uploaded=54\">Fotograf\u00edas<\/a><\/span><\/p>\n","protected":false},"excerpt":{"rendered":"<p>Yungay, domingo 27 de abril 2014 con motivo de la celebraci\u00f3n de un nuevo Aniversario de la Instituci\u00f3n de Carabineros de Chile, se realiz\u00f3 en la Cuarta Comisar\u00eda de Yungay una Ceremonia de Honor&#46;&#46;&#46;<\/p>\n","protected":false},"author":2,"featured_media":10908,"comment_status":"open","ping_status":"open","sticky":false,"template":"","format":"standard","meta":{"footnotes":""},"categories":[1],"tags":[25,1115,8,6],"class_list":["post-10907","post","type-post","status-publish","format-standard","has-post-thumbnail","hentry","category-noticias","tag-carabineros","tag-noticias","tag-yungay","tag-yungayino"],"_links":{"self":[{"href":"https:\/\/www.yungayino.cl\/noticias\/index.php?rest_route=\/wp\/v2\/posts\/10907","targetHints":{"allow":["GET"]}}],"collection":[{"href":"https:\/\/www.yungayino.cl\/noticias\/index.php?rest_route=\/wp\/v2\/posts"}],"about":[{"href":"https:\/\/www.yungayino.cl\/noticias\/index.php?rest_route=\/wp\/v2\/types\/post"}],"author":[{"embeddable":true,"href":"https:\/\/www.yungayino.cl\/noticias\/index.php?rest_route=\/wp\/v2\/users\/2"}],"replies":[{"embeddable":true,"href":"https:\/\/www.yungayino.cl\/noticias\/index.php?rest_route=%2Fwp%2Fv2%2Fcomments&post=10907"}],"version-history":[{"count":1,"href":"https:\/\/www.yungayino.cl\/noticias\/index.php?rest_route=\/wp\/v2\/posts\/10907\/revisions"}],"predecessor-version":[{"id":10909,"href":"https:\/\/www.yungayino.cl\/noticias\/index.php?rest_route=\/wp\/v2\/posts\/10907\/revisions\/10909"}],"wp:featuredmedia":[{"embeddable":true,"href":"https:\/\/www.yungayino.cl\/noticias\/index.php?rest_route=\/wp\/v2\/media\/10908"}],"wp:attachment":[{"href":"https:\/\/www.yungayino.cl\/noticias\/index.php?rest_route=%2Fwp%2Fv2%2Fmedia&parent=10907"}],"wp:term":[{"taxonomy":"category","embeddable":true,"href":"https:\/\/www.yungayino.cl\/noticias\/index.php?rest_route=%2Fwp%2Fv2%2Fcategories&post=10907"},{"taxonomy":"post_tag","embeddable":true,"href":"https:\/\/www.yungayino.cl\/noticias\/index.php?rest_route=%2Fwp%2Fv2%2Ftags&post=10907"}],"curies":[{"name":"wp","href":"https:\/\/api.w.org\/{rel}","templated":true}]}}