{"id":10914,"date":"2014-04-30T15:00:43","date_gmt":"2014-04-30T19:00:43","guid":{"rendered":"http:\/\/www.yungayino.cl\/noticias\/?p=10914"},"modified":"2014-04-30T18:46:03","modified_gmt":"2014-04-30T22:46:03","slug":"yungay-celebro-aniversario-n-87-de-carabineros-con-acto-y-desfile","status":"publish","type":"post","link":"https:\/\/www.yungayino.cl\/noticias\/?p=10914","title":{"rendered":"Yungay Celebro Aniversario N\u00b0 87 de Carabineros con Acto y Desfile"},"content":{"rendered":"<p><img loading=\"lazy\" decoding=\"async\" alt=\"YUNGAYINO.CL - El Portal de Yungay\" src=\"http:\/\/www.yungayino.cl\/2014\/actodiacarabinero2014.jpg\" width=\"500\" height=\"300\" \/><\/p>\n<p style=\"text-align: justify;\"><span style=\"font-size: medium; font-family: arial,helvetica,sans-serif;\">Yungay, martes 29 de abril 2014 en el frontis de la I. Municipalidad de Yungay se realiz\u00f3 el acto y desfile con motivo de la celebraci\u00f3n del Aniversario N\u00b0 87 de la Instituci\u00f3n de Carabineros. Destacar que en la ocasi\u00f3n se cont\u00f3 con la presencia de los \u00a0Generales Iv\u00e1n Bezmalinovic y Ricardo Buscaglione Hartz, el alcalde Pedro Inostroza, el Mayor de la Cuarta Comisar\u00eda de Yungay, Darwin\u00a0 Illanes Aguilera, el Mayor John Cornejo Varela, adem\u00e1s de invitados especiales y p\u00fablico en general. En la ocasi\u00f3n el alcalde de la Comuna Pedro Inostroza Valenzuela hizo un reconocimiento especial, donde declar\u00f3 personas ilustres de nuestra comuna al General Ricardo Buscaglione y al Mayor John Cornejo Varela por su destacada gesti\u00f3n realizada en Yungay, adem\u00e1s de su cercan\u00eda con nuestra gente. En la ocasi\u00f3n la Instituci\u00f3n de Carabineros tambi\u00e9n hizo entrega de reconocimientos a la Uni\u00f3n Comunal de Juntas de Vecinos y a la Escuela de Basquetbol \u00c1guila Real, adem\u00e1s del Portal de Noticias <a href=\"http:\/\/www.yungayino.cl\/\">www.yungayino.cl<\/a> por su permanente apoyo en la difusi\u00f3n de la labor de Carabineros de la Cuarta Comisar\u00eda de Yungay, el cual fue entregado por el General Iv\u00e1n Bezmalinovic. Se\u00f1alar que tambi\u00e9n se hizo entrega de premios a los ganadores estudiantes del concurso de pinturas por parte del Mayor Darwin\u00a0 Illanes Aguilera. El General Ricardo Buscaglione manifest\u00f3 sentirse agradecido por el reconocimiento dado y record\u00f3 los tres a\u00f1os que estuvo en la comuna junto a su familia donde hasta el d\u00eda de hoy mantiene contactos con muchos amigos de la \u00e9poca. Por su parte la Directora del Liceo T\u00e9cnico Profesional de Campanario, Carmen Panes manifest\u00f3 al Portal Yungayino.cl, que este acto fue liderado y coordinado con Carabineros por la instituci\u00f3n estudiantil como parte de las actividades escolares anuales y que cont\u00f3 con el apoyo del Departamento de Educaci\u00f3n Comunal, DAEM. Pedro Inostroza, edil de la comuna manifest\u00f3 su satisfacci\u00f3n por este acto y felicit\u00f3 al Liceo T\u00e9cnico Campanario por la buena gesti\u00f3n del evento y destac\u00f3 que es primera vez que se ha realizado un desfile de gran envergadura en la comuna y recalc\u00f3 sus felicitaciones hacia el General Ricardo Buscaglione y al Mayor John Cornejo Varela por su legado dejado en la comuna. Finalmente la jornada cerro con el desfile, el cual cont\u00f3 con la participaci\u00f3n\u00a0 de los Aspirantes a oficiales, una secci\u00f3n de Carabineros de Concepci\u00f3n, secci\u00f3n montada y perros policiales, secci\u00f3n femenina, secci\u00f3n de monta\u00f1istas, secci\u00f3n motorizada, Banda Instrumental Escuela Formaci\u00f3n de Carabineros, Colegios de la comuna, Juntas de vecinos, adem\u00e1s de Brigadistas de Transito de la Comuna de Tucapel y El Carmen.<\/span><\/p>\n<p style=\"text-align: justify;\"><a href=\"https:\/\/www.facebook.com\/media\/set\/?set=a.840241789324195.1073742137.159561284058919&amp;type=3\"><span style=\"font-size: medium; font-family: arial,helvetica,sans-serif;\">Fotograf\u00edas Acto <\/span><\/a><\/p>\n<p style=\"text-align: justify;\"><a href=\"https:\/\/www.facebook.com\/media\/set\/?set=a.840310365984004.1073742141.159561284058919&amp;type=3\"><span style=\"font-size: medium; font-family: arial,helvetica,sans-serif;\">Fotograf\u00edas Desfile<\/span><\/a><\/p>\n","protected":false},"excerpt":{"rendered":"<p>Yungay, martes 29 de abril 2014 en el frontis de la I. Municipalidad de Yungay se realiz\u00f3 el acto y desfile con motivo de la celebraci\u00f3n del Aniversario N\u00b0 87 de la Instituci\u00f3n de&#46;&#46;&#46;<\/p>\n","protected":false},"author":2,"featured_media":16541,"comment_status":"open","ping_status":"open","sticky":false,"template":"","format":"standard","meta":{"footnotes":""},"categories":[1],"tags":[360,1115,8,6],"class_list":["post-10914","post","type-post","status-publish","format-standard","has-post-thumbnail","hentry","category-noticias","tag-dia-del-carabinero","tag-noticias","tag-yungay","tag-yungayino"],"_links":{"self":[{"href":"https:\/\/www.yungayino.cl\/noticias\/index.php?rest_route=\/wp\/v2\/posts\/10914","targetHints":{"allow":["GET"]}}],"collection":[{"href":"https:\/\/www.yungayino.cl\/noticias\/index.php?rest_route=\/wp\/v2\/posts"}],"about":[{"href":"https:\/\/www.yungayino.cl\/noticias\/index.php?rest_route=\/wp\/v2\/types\/post"}],"author":[{"embeddable":true,"href":"https:\/\/www.yungayino.cl\/noticias\/index.php?rest_route=\/wp\/v2\/users\/2"}],"replies":[{"embeddable":true,"href":"https:\/\/www.yungayino.cl\/noticias\/index.php?rest_route=%2Fwp%2Fv2%2Fcomments&post=10914"}],"version-history":[{"count":2,"href":"https:\/\/www.yungayino.cl\/noticias\/index.php?rest_route=\/wp\/v2\/posts\/10914\/revisions"}],"predecessor-version":[{"id":10916,"href":"https:\/\/www.yungayino.cl\/noticias\/index.php?rest_route=\/wp\/v2\/posts\/10914\/revisions\/10916"}],"wp:featuredmedia":[{"embeddable":true,"href":"https:\/\/www.yungayino.cl\/noticias\/index.php?rest_route=\/wp\/v2\/media\/16541"}],"wp:attachment":[{"href":"https:\/\/www.yungayino.cl\/noticias\/index.php?rest_route=%2Fwp%2Fv2%2Fmedia&parent=10914"}],"wp:term":[{"taxonomy":"category","embeddable":true,"href":"https:\/\/www.yungayino.cl\/noticias\/index.php?rest_route=%2Fwp%2Fv2%2Fcategories&post=10914"},{"taxonomy":"post_tag","embeddable":true,"href":"https:\/\/www.yungayino.cl\/noticias\/index.php?rest_route=%2Fwp%2Fv2%2Ftags&post=10914"}],"curies":[{"name":"wp","href":"https:\/\/api.w.org\/{rel}","templated":true}]}}