{"id":10965,"date":"2014-05-18T20:00:39","date_gmt":"2014-05-19T00:00:39","guid":{"rendered":"http:\/\/www.yungayino.cl\/noticias\/?p=10965"},"modified":"2014-05-18T21:27:16","modified_gmt":"2014-05-19T01:27:16","slug":"gran-carrera-regional-de-ciclismo-se-realizo-desde-yungay-hasta-chillan-viejo","status":"publish","type":"post","link":"https:\/\/www.yungayino.cl\/noticias\/?p=10965","title":{"rendered":"\u201cGran Carrera Regional de Ciclismo\u201d se Realiz\u00f3 desde Yungay hasta Chill\u00e1n Viejo"},"content":{"rendered":"<p><img loading=\"lazy\" decoding=\"async\" alt=\"YUNGAYINO.CL - El Portal de Yungay\" src=\"http:\/\/www.yungayino.cl\/2014\/ciclismo20140518.jpg\" width=\"500\" height=\"300\" \/><\/p>\n<p style=\"text-align: justify;\"><span style=\"font-size: medium;\">Yungay domingo 18 de mayo, con gran \u00e9xito y una numerosa participaci\u00f3n se realiz\u00f3 la <b>\u201cGran Carrera Regional de Ciclismo\u201d<\/b>, organizada por el Club de Ciclismo Jorge Abarca Alegr\u00eda en conjunto con el I. N. D y que adem\u00e1s cont\u00f3 con el apoyo del Municipio de Yungay para el punto de partida y el Municipio de Chill\u00e1n Viejo como punto de Meta. Tambi\u00e9n destacar la colaboraci\u00f3n de Carabineros de la Cuarta Comisar\u00eda de Yungay encabezada por su Mayor, Sr. Darwin Illanes, qui\u00e9nes acompa\u00f1aron la caravana de deportistas y garantizaron su seguridad en la ruta. Se\u00f1alar que el alcalde Pedro Inostroza comparti\u00f3 y dio la bienvenida a los diferentes ciclistas de varios puntos de la regi\u00f3n que participaron y recorrieron diferente calles de nuestra comuna, adem\u00e1s destac\u00f3 este evento deportivo de gran envergadura que se realizo y se\u00f1alizo que seguir\u00e1 apoyando para que en el futuro se sigan desarrollando m\u00e1s actividades de este tipo.<\/span><\/p>\n<p style=\"text-align: justify;\"><a href=\"https:\/\/www.facebook.com\/media\/set\/?set=a.851180888230285.1073742154.159561284058919&amp;type=3&amp;uploaded=28\"><span style=\"font-size: medium;\">Fotograf\u00edas<\/span><\/a><\/p>\n","protected":false},"excerpt":{"rendered":"<p>Yungay domingo 18 de mayo, con gran \u00e9xito y una numerosa participaci\u00f3n se realiz\u00f3 la \u201cGran Carrera Regional de Ciclismo\u201d, organizada por el Club de Ciclismo Jorge Abarca Alegr\u00eda en conjunto con el I.&#46;&#46;&#46;<\/p>\n","protected":false},"author":2,"featured_media":16557,"comment_status":"open","ping_status":"open","sticky":false,"template":"","format":"standard","meta":{"footnotes":""},"categories":[17,1],"tags":[896,379,1115,8,6],"class_list":["post-10965","post","type-post","status-publish","format-standard","has-post-thumbnail","hentry","category-deporte","category-noticias","tag-ciclismo","tag-deportes","tag-noticias","tag-yungay","tag-yungayino"],"_links":{"self":[{"href":"https:\/\/www.yungayino.cl\/noticias\/index.php?rest_route=\/wp\/v2\/posts\/10965","targetHints":{"allow":["GET"]}}],"collection":[{"href":"https:\/\/www.yungayino.cl\/noticias\/index.php?rest_route=\/wp\/v2\/posts"}],"about":[{"href":"https:\/\/www.yungayino.cl\/noticias\/index.php?rest_route=\/wp\/v2\/types\/post"}],"author":[{"embeddable":true,"href":"https:\/\/www.yungayino.cl\/noticias\/index.php?rest_route=\/wp\/v2\/users\/2"}],"replies":[{"embeddable":true,"href":"https:\/\/www.yungayino.cl\/noticias\/index.php?rest_route=%2Fwp%2Fv2%2Fcomments&post=10965"}],"version-history":[{"count":2,"href":"https:\/\/www.yungayino.cl\/noticias\/index.php?rest_route=\/wp\/v2\/posts\/10965\/revisions"}],"predecessor-version":[{"id":10968,"href":"https:\/\/www.yungayino.cl\/noticias\/index.php?rest_route=\/wp\/v2\/posts\/10965\/revisions\/10968"}],"wp:featuredmedia":[{"embeddable":true,"href":"https:\/\/www.yungayino.cl\/noticias\/index.php?rest_route=\/wp\/v2\/media\/16557"}],"wp:attachment":[{"href":"https:\/\/www.yungayino.cl\/noticias\/index.php?rest_route=%2Fwp%2Fv2%2Fmedia&parent=10965"}],"wp:term":[{"taxonomy":"category","embeddable":true,"href":"https:\/\/www.yungayino.cl\/noticias\/index.php?rest_route=%2Fwp%2Fv2%2Fcategories&post=10965"},{"taxonomy":"post_tag","embeddable":true,"href":"https:\/\/www.yungayino.cl\/noticias\/index.php?rest_route=%2Fwp%2Fv2%2Ftags&post=10965"}],"curies":[{"name":"wp","href":"https:\/\/api.w.org\/{rel}","templated":true}]}}