{"id":10975,"date":"2014-05-20T10:00:07","date_gmt":"2014-05-20T14:00:07","guid":{"rendered":"http:\/\/www.yungayino.cl\/noticias\/?p=10975"},"modified":"2014-05-20T22:34:19","modified_gmt":"2014-05-21T02:34:19","slug":"inauguran-explosion-de-pintura-pinceles-y-pintores-yungayinos-2014","status":"publish","type":"post","link":"https:\/\/www.yungayino.cl\/noticias\/?p=10975","title":{"rendered":"Inauguran Exposici\u00f3n de Pintura \u201cPinceles y Pintores Yungayinos 2014\u201d"},"content":{"rendered":"<p><img loading=\"lazy\" decoding=\"async\" alt=\"YUNGAYINO.CL - El Portal de Yungay\" src=\"http:\/\/www.yungayino.cl\/2014\/pintura201405.jpg\" width=\"500\" height=\"300\" \/><\/p>\n<p style=\"text-align: justify;\"><span style=\"font-size: medium;\">Yungay, este lunes 19 de mayo se inauguro a las 19:00 horas en la Biblioteca P\u00fablica Oreste Montero la Exposici\u00f3n de Pinturas <b>\u201cPinceles y Pintores Yungayinos 2014\u201d<\/b>, actividad organizada por el Profesor de Artes Visuales Lister Sep\u00falveda\u00a0 Avenda\u00f1o y Patrocinado por el Municipio Yungayino. A la ceremonia asistieron el alcalde Pedro Inostroza Valenzuela, los expositores, Luis Campos Tiznado, Mar\u00eda Ferrada, Bernardo Acu\u00f1a, Evelyn Contreras, Claudio Mu\u00f1oz, Silvya Torres, Lister Sep\u00falveda, concejales y p\u00fablico en general. Se\u00f1alar que esta exposici\u00f3n se mantendr\u00e1 abierta al p\u00fablico hasta el 06 de junio donde se podr\u00e1 ver una veintena de obras de artista yungayinos. Finalmente el alcalde Pedro Inostroza manifest\u00f3 que \u201cNuestro inter\u00e9s siempre ha sido fomentar en la comuna el desarrollo de la cultura y las artes, y pare ello es b\u00e1sico que nuestros artistas tengan las herramientas necesarias para desarrollarse\u201d, asegur\u00f3 el edil al inaugurar la muestra.<\/span><\/p>\n<p style=\"text-align: justify;\"><a href=\"https:\/\/www.facebook.com\/media\/set\/?set=a.852349834780057.1073742157.159561284058919&amp;type=3&amp;uploaded=56\"><span style=\"font-size: medium;\">Fotograf\u00edas<\/span><\/a><\/p>\n","protected":false},"excerpt":{"rendered":"<p>Yungay, este lunes 19 de mayo se inauguro a las 19:00 horas en la Biblioteca P\u00fablica Oreste Montero la Exposici\u00f3n de Pinturas \u201cPinceles y Pintores Yungayinos 2014\u201d, actividad organizada por el Profesor de Artes&#46;&#46;&#46;<\/p>\n","protected":false},"author":2,"featured_media":16559,"comment_status":"open","ping_status":"open","sticky":false,"template":"","format":"standard","meta":{"footnotes":""},"categories":[1],"tags":[297,7,899,8,6],"class_list":["post-10975","post","type-post","status-publish","format-standard","has-post-thumbnail","hentry","category-noticias","tag-exposicion-de-pintura","tag-noticia","tag-pinceles-y-pintores-yungayinos-2014","tag-yungay","tag-yungayino"],"_links":{"self":[{"href":"https:\/\/www.yungayino.cl\/noticias\/index.php?rest_route=\/wp\/v2\/posts\/10975","targetHints":{"allow":["GET"]}}],"collection":[{"href":"https:\/\/www.yungayino.cl\/noticias\/index.php?rest_route=\/wp\/v2\/posts"}],"about":[{"href":"https:\/\/www.yungayino.cl\/noticias\/index.php?rest_route=\/wp\/v2\/types\/post"}],"author":[{"embeddable":true,"href":"https:\/\/www.yungayino.cl\/noticias\/index.php?rest_route=\/wp\/v2\/users\/2"}],"replies":[{"embeddable":true,"href":"https:\/\/www.yungayino.cl\/noticias\/index.php?rest_route=%2Fwp%2Fv2%2Fcomments&post=10975"}],"version-history":[{"count":4,"href":"https:\/\/www.yungayino.cl\/noticias\/index.php?rest_route=\/wp\/v2\/posts\/10975\/revisions"}],"predecessor-version":[{"id":10984,"href":"https:\/\/www.yungayino.cl\/noticias\/index.php?rest_route=\/wp\/v2\/posts\/10975\/revisions\/10984"}],"wp:featuredmedia":[{"embeddable":true,"href":"https:\/\/www.yungayino.cl\/noticias\/index.php?rest_route=\/wp\/v2\/media\/16559"}],"wp:attachment":[{"href":"https:\/\/www.yungayino.cl\/noticias\/index.php?rest_route=%2Fwp%2Fv2%2Fmedia&parent=10975"}],"wp:term":[{"taxonomy":"category","embeddable":true,"href":"https:\/\/www.yungayino.cl\/noticias\/index.php?rest_route=%2Fwp%2Fv2%2Fcategories&post=10975"},{"taxonomy":"post_tag","embeddable":true,"href":"https:\/\/www.yungayino.cl\/noticias\/index.php?rest_route=%2Fwp%2Fv2%2Ftags&post=10975"}],"curies":[{"name":"wp","href":"https:\/\/api.w.org\/{rel}","templated":true}]}}