{"id":10986,"date":"2014-05-22T13:00:21","date_gmt":"2014-05-22T17:00:21","guid":{"rendered":"http:\/\/www.yungayino.cl\/noticias\/?p=10986"},"modified":"2014-05-22T16:35:41","modified_gmt":"2014-05-22T20:35:41","slug":"la-biblioteca-publica-oreste-montero-de-yungay-invita-a-toda-la-comunidad-a-celebrar-el-dia-del-patrimonio-cultural","status":"publish","type":"post","link":"https:\/\/www.yungayino.cl\/noticias\/?p=10986","title":{"rendered":"La Biblioteca P\u00fablica Oreste Montero de Yungay Invita a Toda la Comunidad a  Celebrar el \u201cD\u00eda del Patrimonio Cultural\u201d"},"content":{"rendered":"<p><img loading=\"lazy\" decoding=\"async\" alt=\"YUNGAYINO.CL - El Portal de Yungay\" src=\"http:\/\/www.yungayino.cl\/2014\/diapatrimonio2014.jpg\" width=\"500\" height=\"300\" \/><\/p>\n<p style=\"text-align: justify;\"><span style=\"font-size: medium;\">Yungay, la Biblioteca P\u00fablica Oreste Montero invita a toda la comunidad a celebrar este domingo 25 de mayo a partir de las 10:00 horas el <b>\u201cD\u00eda Nacional del Patrimonio Cultural 2014\u201d<\/b>, quienes abrir\u00e1n sus puertas al p\u00fablico con una variedad de actividades para que puedan disfrutar en familia, as\u00ed lo se\u00f1alo al Paulina \u00c1vila Pinto, administradora de la Biblioteca P\u00fablica de nuestra comuna, qui\u00e9n agradeci\u00f3 el apoyo del Municipio Yungayino para realizar estas actividades. Finalmente mencionar que el D\u00eda del Patrimonio Cultural de Chile es una instancia ciudadana de celebraci\u00f3n y reflexi\u00f3n en torno a las diferentes dimensiones de nuestra herencia cultural y desde su inicio, en el a\u00f1o 2000, se ha perfilado como una de las principales actividades culturales a nivel nacional, es por eso que la Biblioteca invita a todos a disfrutar de estas actividades. <\/span><\/p>\n<ul>\n<li style=\"text-align: justify;\"><span style=\"font-size: medium;\">11:00 horas Taller de Marionetas<\/span><\/li>\n<li style=\"text-align: justify;\"><span style=\"font-size: medium;\">12:00 horas Pasacalles en la Plaza Iquique<\/span><\/li>\n<li style=\"text-align: justify;\"><span style=\"font-size: medium;\">14:00 horas Kamishibai<\/span><\/li>\n<li style=\"text-align: justify;\"><span style=\"font-size: medium;\">15:00 horas Teatro de T\u00edteres<\/span><\/li>\n<li style=\"text-align: justify;\"><span style=\"font-size: medium;\">16:00 horas Cuentacuentos<\/span><\/li>\n<li style=\"text-align: justify;\"><span style=\"font-size: medium;\">17:00 horas Cine Infantil<\/span><\/li>\n<\/ul>\n","protected":false},"excerpt":{"rendered":"<p>Yungay, la Biblioteca P\u00fablica Oreste Montero invita a toda la comunidad a celebrar este domingo 25 de mayo a partir de las 10:00 horas el \u201cD\u00eda Nacional del Patrimonio Cultural 2014\u201d, quienes abrir\u00e1n sus&#46;&#46;&#46;<\/p>\n","protected":false},"author":2,"featured_media":16562,"comment_status":"open","ping_status":"open","sticky":false,"template":"","format":"standard","meta":{"footnotes":""},"categories":[1],"tags":[680,1115,8,6],"class_list":["post-10986","post","type-post","status-publish","format-standard","has-post-thumbnail","hentry","category-noticias","tag-dia-patrimonio-cultural","tag-noticias","tag-yungay","tag-yungayino"],"_links":{"self":[{"href":"https:\/\/www.yungayino.cl\/noticias\/index.php?rest_route=\/wp\/v2\/posts\/10986","targetHints":{"allow":["GET"]}}],"collection":[{"href":"https:\/\/www.yungayino.cl\/noticias\/index.php?rest_route=\/wp\/v2\/posts"}],"about":[{"href":"https:\/\/www.yungayino.cl\/noticias\/index.php?rest_route=\/wp\/v2\/types\/post"}],"author":[{"embeddable":true,"href":"https:\/\/www.yungayino.cl\/noticias\/index.php?rest_route=\/wp\/v2\/users\/2"}],"replies":[{"embeddable":true,"href":"https:\/\/www.yungayino.cl\/noticias\/index.php?rest_route=%2Fwp%2Fv2%2Fcomments&post=10986"}],"version-history":[{"count":1,"href":"https:\/\/www.yungayino.cl\/noticias\/index.php?rest_route=\/wp\/v2\/posts\/10986\/revisions"}],"predecessor-version":[{"id":10987,"href":"https:\/\/www.yungayino.cl\/noticias\/index.php?rest_route=\/wp\/v2\/posts\/10986\/revisions\/10987"}],"wp:featuredmedia":[{"embeddable":true,"href":"https:\/\/www.yungayino.cl\/noticias\/index.php?rest_route=\/wp\/v2\/media\/16562"}],"wp:attachment":[{"href":"https:\/\/www.yungayino.cl\/noticias\/index.php?rest_route=%2Fwp%2Fv2%2Fmedia&parent=10986"}],"wp:term":[{"taxonomy":"category","embeddable":true,"href":"https:\/\/www.yungayino.cl\/noticias\/index.php?rest_route=%2Fwp%2Fv2%2Fcategories&post=10986"},{"taxonomy":"post_tag","embeddable":true,"href":"https:\/\/www.yungayino.cl\/noticias\/index.php?rest_route=%2Fwp%2Fv2%2Ftags&post=10986"}],"curies":[{"name":"wp","href":"https:\/\/api.w.org\/{rel}","templated":true}]}}