{"id":10990,"date":"2014-05-22T20:00:57","date_gmt":"2014-05-23T00:00:57","guid":{"rendered":"http:\/\/www.yungayino.cl\/noticias\/?p=10990"},"modified":"2014-05-22T21:34:37","modified_gmt":"2014-05-23T01:34:37","slug":"alumnos-del-liceo-a-17-de-yungay-celebran-semana-de-la-educacion-artistica","status":"publish","type":"post","link":"https:\/\/www.yungayino.cl\/noticias\/?p=10990","title":{"rendered":"Alumnos del Liceo A \u2013 17 de Yungay Celebran \u201cSemana de la Educaci\u00f3n Art\u00edstica\u201d"},"content":{"rendered":"<p><img loading=\"lazy\" decoding=\"async\" alt=\"YUNGAYINO.CL - El Portal de Yungay\" src=\"http:\/\/www.yungayino.cl\/2014\/liceo20140522.jpg\" width=\"500\" height=\"300\" \/><\/p>\n<p><span style=\"font-size: medium; font-family: helvetica;\">Yungay, jueves 22 de mayo con un acto simb\u00f3lico los Alumnos del Liceo A \u2013 17 de Yungay Celebran la finalizaci\u00f3n de las actividades de la \u201cSemana de la Educaci\u00f3n Art\u00edstica\u201d bajo el lema \u201cEl arte mueve a la educaci\u00f3n\u201d, una actividad impulsada por la UNESCO que busca potenciar\u00a0y promover el arte y la cultura en los estudiantes. Destacar que bajo este contexto el Liceo A \u2013 17 realizo diferentes actividades que tuvo gran convocatoria por parte del alumnado, quienes potenciaron sus talentos y expresiones art\u00edsticas. Se\u00f1alar que el acto estuvo encabezado por su Director, Sergio Villalobos adem\u00e1s de profesores y alumnos, quienes pudieron apreciar las presentaciones art\u00edsticas como el baile y la danza de los alumnos del 2 A, la poes\u00eda del alumno Diego Parra y la m\u00fasica por parte de los alumnos del 3 A. Finalmente el acto concluy\u00f3 con la premiaci\u00f3n a los estudiantes que salieron ganadores del concurso de pintura.<\/span><\/p>\n<p><a href=\"https:\/\/www.facebook.com\/media\/set\/?set=a.853744464640594.1073742160.159561284058919&amp;type=3&amp;uploaded=40\"><span style=\"font-size: medium; font-family: helvetica;\">Fotograf\u00edas<\/span><\/a><\/p>\n","protected":false},"excerpt":{"rendered":"<p>Yungay, jueves 22 de mayo con un acto simb\u00f3lico los Alumnos del Liceo A \u2013 17 de Yungay Celebran la finalizaci\u00f3n de las actividades de la \u201cSemana de la Educaci\u00f3n Art\u00edstica\u201d bajo el lema&#46;&#46;&#46;<\/p>\n","protected":false},"author":2,"featured_media":16564,"comment_status":"open","ping_status":"open","sticky":false,"template":"","format":"standard","meta":{"footnotes":""},"categories":[1],"tags":[1115,8,6],"class_list":["post-10990","post","type-post","status-publish","format-standard","has-post-thumbnail","hentry","category-noticias","tag-noticias","tag-yungay","tag-yungayino"],"_links":{"self":[{"href":"https:\/\/www.yungayino.cl\/noticias\/index.php?rest_route=\/wp\/v2\/posts\/10990","targetHints":{"allow":["GET"]}}],"collection":[{"href":"https:\/\/www.yungayino.cl\/noticias\/index.php?rest_route=\/wp\/v2\/posts"}],"about":[{"href":"https:\/\/www.yungayino.cl\/noticias\/index.php?rest_route=\/wp\/v2\/types\/post"}],"author":[{"embeddable":true,"href":"https:\/\/www.yungayino.cl\/noticias\/index.php?rest_route=\/wp\/v2\/users\/2"}],"replies":[{"embeddable":true,"href":"https:\/\/www.yungayino.cl\/noticias\/index.php?rest_route=%2Fwp%2Fv2%2Fcomments&post=10990"}],"version-history":[{"count":2,"href":"https:\/\/www.yungayino.cl\/noticias\/index.php?rest_route=\/wp\/v2\/posts\/10990\/revisions"}],"predecessor-version":[{"id":10992,"href":"https:\/\/www.yungayino.cl\/noticias\/index.php?rest_route=\/wp\/v2\/posts\/10990\/revisions\/10992"}],"wp:featuredmedia":[{"embeddable":true,"href":"https:\/\/www.yungayino.cl\/noticias\/index.php?rest_route=\/wp\/v2\/media\/16564"}],"wp:attachment":[{"href":"https:\/\/www.yungayino.cl\/noticias\/index.php?rest_route=%2Fwp%2Fv2%2Fmedia&parent=10990"}],"wp:term":[{"taxonomy":"category","embeddable":true,"href":"https:\/\/www.yungayino.cl\/noticias\/index.php?rest_route=%2Fwp%2Fv2%2Fcategories&post=10990"},{"taxonomy":"post_tag","embeddable":true,"href":"https:\/\/www.yungayino.cl\/noticias\/index.php?rest_route=%2Fwp%2Fv2%2Ftags&post=10990"}],"curies":[{"name":"wp","href":"https:\/\/api.w.org\/{rel}","templated":true}]}}