{"id":10998,"date":"2014-05-25T14:00:21","date_gmt":"2014-05-25T18:00:21","guid":{"rendered":"http:\/\/www.yungayino.cl\/noticias\/?p=10998"},"modified":"2014-05-25T17:40:00","modified_gmt":"2014-05-25T21:40:00","slug":"en-yungay-se-celebro-el-dia-del-patrimonio-cultural","status":"publish","type":"post","link":"https:\/\/www.yungayino.cl\/noticias\/?p=10998","title":{"rendered":"En Yungay se Celebr\u00f3 el \u201cD\u00eda del Patrimonio Cultural\u201d"},"content":{"rendered":"<p><img loading=\"lazy\" decoding=\"async\" alt=\"YUNGAYINO.CL - El Portal de Yungay\" src=\"http:\/\/www.yungayino.cl\/2014\/diapatrimoniocultural20140525.jpg\" width=\"500\" height=\"300\" \/><\/p>\n<p style=\"text-align: justify;\"><span style=\"font-size: medium; font-family: helvetica;\">Yungay, este domingo 25 de mayo 2014 se celebr\u00f3 por segundo a\u00f1o consecutivo en nuestra comuna el <b>\u201cD\u00eda del Patrimonio Cultural\u201d,<\/b> una instancia ciudadana de celebraci\u00f3n y reflexi\u00f3n en torno a las diferentes dimensiones de nuestra herencia cultural que fue instaurado a trav\u00e9s del Decreto N\u00b0 252 del a\u00f1o 2000, que establece que cada \u00faltimo d\u00eda domingo del mes de mayo se honra al patrimonio, con el objetivo realizar una jornada festiva y de reflexi\u00f3n sobre los valores, el rol y el significado de nuestra herencia cultural. Es por eso que en el marco de esta importante celebraci\u00f3n la Biblioteca P\u00fablica Oreste Montero con el patrocinio de la Ilustre Municipalidad a trav\u00e9s de su Oficina de Turismo y Cultura realizaron diferentes actividades donde chicos y grandes disfrutaron de ellas. La biblioteca abri\u00f3 sus puertas a las 09:00 horas con una exposici\u00f3n de Pintores Yungayinos, adem\u00e1s los visitantes fueron recibidos por la mascota \u201cDon Leo\u201d, luego fue el turno de los ni\u00f1os que junto a sus padres disfrutaron confeccionando sus propias Marionetas. La m\u00fasica y el\u00a0 baile de la Escuela y Compa\u00f1\u00eda \u201cElefante Blanco\u201d\u00a0 junto a los m\u00fasicos de la \u201cTromba\u201d de la ciudad de Concepci\u00f3n se tomaron las principales calles de nuestra comuna deleitando al p\u00fablico. Finalmente por la tarde las actividades continuaron con Teatro de T\u00edteres, Cuentacuentos y Cine Infantil.<\/span><\/p>\n<p style=\"text-align: justify;\"><a href=\"https:\/\/www.facebook.com\/media\/set\/?set=a.855596044455436.1073742161.159561284058919&amp;type=3&amp;uploaded=61\"><span style=\"font-size: medium; font-family: helvetica;\">Fotograf\u00edas<\/span><\/a><\/p>\n","protected":false},"excerpt":{"rendered":"<p>Yungay, este domingo 25 de mayo 2014 se celebr\u00f3 por segundo a\u00f1o consecutivo en nuestra comuna el \u201cD\u00eda del Patrimonio Cultural\u201d, una instancia ciudadana de celebraci\u00f3n y reflexi\u00f3n en torno a las diferentes dimensiones&#46;&#46;&#46;<\/p>\n","protected":false},"author":2,"featured_media":16566,"comment_status":"open","ping_status":"open","sticky":false,"template":"","format":"standard","meta":{"footnotes":""},"categories":[1],"tags":[453,680,1115,8,6],"class_list":["post-10998","post","type-post","status-publish","format-standard","has-post-thumbnail","hentry","category-noticias","tag-biblioteca-yungay","tag-dia-patrimonio-cultural","tag-noticias","tag-yungay","tag-yungayino"],"_links":{"self":[{"href":"https:\/\/www.yungayino.cl\/noticias\/index.php?rest_route=\/wp\/v2\/posts\/10998","targetHints":{"allow":["GET"]}}],"collection":[{"href":"https:\/\/www.yungayino.cl\/noticias\/index.php?rest_route=\/wp\/v2\/posts"}],"about":[{"href":"https:\/\/www.yungayino.cl\/noticias\/index.php?rest_route=\/wp\/v2\/types\/post"}],"author":[{"embeddable":true,"href":"https:\/\/www.yungayino.cl\/noticias\/index.php?rest_route=\/wp\/v2\/users\/2"}],"replies":[{"embeddable":true,"href":"https:\/\/www.yungayino.cl\/noticias\/index.php?rest_route=%2Fwp%2Fv2%2Fcomments&post=10998"}],"version-history":[{"count":2,"href":"https:\/\/www.yungayino.cl\/noticias\/index.php?rest_route=\/wp\/v2\/posts\/10998\/revisions"}],"predecessor-version":[{"id":11000,"href":"https:\/\/www.yungayino.cl\/noticias\/index.php?rest_route=\/wp\/v2\/posts\/10998\/revisions\/11000"}],"wp:featuredmedia":[{"embeddable":true,"href":"https:\/\/www.yungayino.cl\/noticias\/index.php?rest_route=\/wp\/v2\/media\/16566"}],"wp:attachment":[{"href":"https:\/\/www.yungayino.cl\/noticias\/index.php?rest_route=%2Fwp%2Fv2%2Fmedia&parent=10998"}],"wp:term":[{"taxonomy":"category","embeddable":true,"href":"https:\/\/www.yungayino.cl\/noticias\/index.php?rest_route=%2Fwp%2Fv2%2Fcategories&post=10998"},{"taxonomy":"post_tag","embeddable":true,"href":"https:\/\/www.yungayino.cl\/noticias\/index.php?rest_route=%2Fwp%2Fv2%2Ftags&post=10998"}],"curies":[{"name":"wp","href":"https:\/\/api.w.org\/{rel}","templated":true}]}}