{"id":11001,"date":"2014-05-26T15:00:41","date_gmt":"2014-05-26T19:00:41","guid":{"rendered":"http:\/\/www.yungayino.cl\/noticias\/?p=11001"},"modified":"2014-05-26T20:53:37","modified_gmt":"2014-05-27T00:53:37","slug":"accidente-de-transito-dejo-dos-personas-lesionadas-en-colision-de-moto-con-vehiculo","status":"publish","type":"post","link":"https:\/\/www.yungayino.cl\/noticias\/?p=11001","title":{"rendered":"Accidente de Tr\u00e1nsito Dejo Dos Personas Lesionadas en Colisi\u00f3n de Moto con Vehiculo"},"content":{"rendered":"<p><img loading=\"lazy\" decoding=\"async\" alt=\"YUNGAYINO.CL  - El Portal de Yungay\" src=\"http:\/\/www.yungayino.cl\/2014\/accidente20140525.jpg\" width=\"500\" height=\"300\" \/><\/p>\n<p style=\"text-align: justify;\"><span style=\"font-size: medium; font-family: helvetica;\">Yungay, dos personas resultaron lesionadas producto de una accidente de tr\u00e1nsito el d\u00eda de ayer domingo 25 de mayo a las 12:50 horas entre una moto Patente RG 558 y un vehiculo, Patente LN 5465 a la altura del kil\u00f3metro 33 camino Yungay a Cholgu\u00e1n. En la colisi\u00f3n se vieron afectados Ver\u00f3nica Jofre y Francisco Gui\u00f1ez, quienes iban en la moto y tuvieron que ser trasladado por Personal de la Ambulancia SAMU al Hospital de Yungay, mientras el otro vehiculo que se vio involucrado era conducido por Ximena Fern\u00e1ndez,. Al accidente concurri\u00f3 tambi\u00e9n Personal de Unidad de Rescate de Bomberos de Yungay, adem\u00e1s de Carabineros de la Cuarta Comisar\u00eda de Yungay, quien constato m\u00e1s tarde que ambos conductores no ten\u00edan licencia de conducir.<\/span><\/p>\n<p style=\"text-align: justify;\"><a href=\"https:\/\/www.facebook.com\/media\/set\/?set=a.856379064377134.1073742162.159561284058919&amp;type=3&amp;uploaded=9\"><span style=\"font-size: medium; font-family: helvetica;\">Fotograf\u00edas<\/span><\/a><\/p>\n","protected":false},"excerpt":{"rendered":"<p>Yungay, dos personas resultaron lesionadas producto de una accidente de tr\u00e1nsito el d\u00eda de ayer domingo 25 de mayo a las 12:50 horas entre una moto Patente RG 558 y un vehiculo, Patente LN&#46;&#46;&#46;<\/p>\n","protected":false},"author":2,"featured_media":16567,"comment_status":"open","ping_status":"open","sticky":false,"template":"","format":"standard","meta":{"footnotes":""},"categories":[1],"tags":[35,1115,8,6],"class_list":["post-11001","post","type-post","status-publish","format-standard","has-post-thumbnail","hentry","category-noticias","tag-cholguan","tag-noticias","tag-yungay","tag-yungayino"],"_links":{"self":[{"href":"https:\/\/www.yungayino.cl\/noticias\/index.php?rest_route=\/wp\/v2\/posts\/11001","targetHints":{"allow":["GET"]}}],"collection":[{"href":"https:\/\/www.yungayino.cl\/noticias\/index.php?rest_route=\/wp\/v2\/posts"}],"about":[{"href":"https:\/\/www.yungayino.cl\/noticias\/index.php?rest_route=\/wp\/v2\/types\/post"}],"author":[{"embeddable":true,"href":"https:\/\/www.yungayino.cl\/noticias\/index.php?rest_route=\/wp\/v2\/users\/2"}],"replies":[{"embeddable":true,"href":"https:\/\/www.yungayino.cl\/noticias\/index.php?rest_route=%2Fwp%2Fv2%2Fcomments&post=11001"}],"version-history":[{"count":2,"href":"https:\/\/www.yungayino.cl\/noticias\/index.php?rest_route=\/wp\/v2\/posts\/11001\/revisions"}],"predecessor-version":[{"id":11003,"href":"https:\/\/www.yungayino.cl\/noticias\/index.php?rest_route=\/wp\/v2\/posts\/11001\/revisions\/11003"}],"wp:featuredmedia":[{"embeddable":true,"href":"https:\/\/www.yungayino.cl\/noticias\/index.php?rest_route=\/wp\/v2\/media\/16567"}],"wp:attachment":[{"href":"https:\/\/www.yungayino.cl\/noticias\/index.php?rest_route=%2Fwp%2Fv2%2Fmedia&parent=11001"}],"wp:term":[{"taxonomy":"category","embeddable":true,"href":"https:\/\/www.yungayino.cl\/noticias\/index.php?rest_route=%2Fwp%2Fv2%2Fcategories&post=11001"},{"taxonomy":"post_tag","embeddable":true,"href":"https:\/\/www.yungayino.cl\/noticias\/index.php?rest_route=%2Fwp%2Fv2%2Ftags&post=11001"}],"curies":[{"name":"wp","href":"https:\/\/api.w.org\/{rel}","templated":true}]}}