{"id":11009,"date":"2014-05-27T20:37:23","date_gmt":"2014-05-28T00:37:23","guid":{"rendered":"http:\/\/www.yungayino.cl\/noticias\/?p=11009"},"modified":"2014-05-27T20:37:23","modified_gmt":"2014-05-28T00:37:23","slug":"comunidad-de-pangal-del-laja-invita-al-primer-festival-de-la-callampa","status":"publish","type":"post","link":"https:\/\/www.yungayino.cl\/noticias\/?p=11009","title":{"rendered":"Comunidad de Pangal del Laja Invita al primer Festival de la Callampa"},"content":{"rendered":"<p><img loading=\"lazy\" decoding=\"async\" alt=\"YUNGAYINO.CL - El Portal de Yungay\" src=\"http:\/\/www.yungayino.cl\/2014\/fiestacallampapangal.jpg\" width=\"500\" height=\"300\" \/><\/p>\n<p style=\"text-align: justify;\"><span style=\"font-size: medium; font-family: helvetica;\">Yungay, la Junta de Vecinos de Pangal del Laja invita a toda la comunidad para este s\u00e1bado 31 de mayo a partir de las 12:00 horas en el sal\u00f3n Multiuso al Primer Festival de la Callampa, donde se realizar\u00e1n \u00a0presentaciones de degustaciones de los distintos modos de preparar los mejores platos con acompa\u00f1amientos de callampas de la zona. La actividad que tiene como objetivo de rescatar esta tradicional y silenciosa labor de recolecci\u00f3n de callampas que se realiza en los bosques de la zona Pangalina, adem\u00e1s que las due\u00f1as de casas puedan preparar una gran tarallinata, donde presentar\u00e1n degustaciones al p\u00fablico que asista con diferentes variedades de salsas a base callampa. Finalmente la Junta de Vecinos de Pangal del Laja reiter\u00f3 su invitaci\u00f3n para que asistan en familia y as\u00ed apoyar el recate de esta tradici\u00f3n de Pangal del Laja.<\/span><\/p>\n","protected":false},"excerpt":{"rendered":"<p>Yungay, la Junta de Vecinos de Pangal del Laja invita a toda la comunidad para este s\u00e1bado 31 de mayo a partir de las 12:00 horas en el sal\u00f3n Multiuso al Primer Festival de&#46;&#46;&#46;<\/p>\n","protected":false},"author":2,"featured_media":16570,"comment_status":"open","ping_status":"open","sticky":false,"template":"","format":"standard","meta":{"footnotes":""},"categories":[1],"tags":[],"class_list":["post-11009","post","type-post","status-publish","format-standard","has-post-thumbnail","hentry","category-noticias"],"_links":{"self":[{"href":"https:\/\/www.yungayino.cl\/noticias\/index.php?rest_route=\/wp\/v2\/posts\/11009","targetHints":{"allow":["GET"]}}],"collection":[{"href":"https:\/\/www.yungayino.cl\/noticias\/index.php?rest_route=\/wp\/v2\/posts"}],"about":[{"href":"https:\/\/www.yungayino.cl\/noticias\/index.php?rest_route=\/wp\/v2\/types\/post"}],"author":[{"embeddable":true,"href":"https:\/\/www.yungayino.cl\/noticias\/index.php?rest_route=\/wp\/v2\/users\/2"}],"replies":[{"embeddable":true,"href":"https:\/\/www.yungayino.cl\/noticias\/index.php?rest_route=%2Fwp%2Fv2%2Fcomments&post=11009"}],"version-history":[{"count":1,"href":"https:\/\/www.yungayino.cl\/noticias\/index.php?rest_route=\/wp\/v2\/posts\/11009\/revisions"}],"predecessor-version":[{"id":11010,"href":"https:\/\/www.yungayino.cl\/noticias\/index.php?rest_route=\/wp\/v2\/posts\/11009\/revisions\/11010"}],"wp:featuredmedia":[{"embeddable":true,"href":"https:\/\/www.yungayino.cl\/noticias\/index.php?rest_route=\/wp\/v2\/media\/16570"}],"wp:attachment":[{"href":"https:\/\/www.yungayino.cl\/noticias\/index.php?rest_route=%2Fwp%2Fv2%2Fmedia&parent=11009"}],"wp:term":[{"taxonomy":"category","embeddable":true,"href":"https:\/\/www.yungayino.cl\/noticias\/index.php?rest_route=%2Fwp%2Fv2%2Fcategories&post=11009"},{"taxonomy":"post_tag","embeddable":true,"href":"https:\/\/www.yungayino.cl\/noticias\/index.php?rest_route=%2Fwp%2Fv2%2Ftags&post=11009"}],"curies":[{"name":"wp","href":"https:\/\/api.w.org\/{rel}","templated":true}]}}