{"id":11034,"date":"2014-05-30T23:00:00","date_gmt":"2014-05-31T03:00:00","guid":{"rendered":"http:\/\/www.yungayino.cl\/noticias\/?p=11034"},"modified":"2014-05-30T23:12:08","modified_gmt":"2014-05-31T03:12:08","slug":"inauguran-pavimentacion-de-calles-chipana-y-dolores-en-yungay","status":"publish","type":"post","link":"https:\/\/www.yungayino.cl\/noticias\/?p=11034","title":{"rendered":"Inauguran Pavimentaci\u00f3n de Calles Chipana y Dolores en Yungay"},"content":{"rendered":"<p><img loading=\"lazy\" decoding=\"async\" alt=\"YUNGAYINO.CL - El Portal de Yungay\" src=\"http:\/\/www.yungayino.cl\/2014\/pavimentaciondolores_chipana.jpg\" width=\"500\" height=\"300\" \/><\/p>\n<p style=\"text-align: justify;\"><span style=\"font-size: medium; font-family: helvetica;\">Yungay, con alegr\u00eda y emoci\u00f3n el \u201cComit\u00e9 de Pavimentaci\u00f3n Chipana-Dolores\u201d participaron este viernes 30 de mayo de la inauguraci\u00f3n de la pavimentaci\u00f3n de estas v\u00edas. En la ocasi\u00f3n la presidenta del comit\u00e9 Sra. Pilar Aedo, manifest\u00f3 al Equipo del Portal Yungayino.cl su felicidad porque ya no van a tener tierra, hoyos, el ruido de los camiones y lo m\u00e1s importante la mejora en la calidad de vida para los vecinos, adem\u00e1s agradeci\u00f3 el apoyo dado por el alcalde Pedro Inostroza, los funcionarios Jacques Marchant, Nelson Burgos y los concejales, quienes apuraron en la gesti\u00f3n para que el proyecto avanzara r\u00e1pidamente. La inauguraci\u00f3n finaliz\u00f3 con el tradicional corte de cinta tricolor a cargo de las autoridades locales, dirigentes y vecinos, quienes posteriormente se trasladaron para compartir un coctel para celebrar.<\/span><\/p>\n<p style=\"text-align: justify;\"><a href=\"https:\/\/www.facebook.com\/media\/set\/?set=a.859069304108110.1073742171.159561284058919&amp;type=3&amp;uploaded=38\"><span style=\"font-size: medium; font-family: helvetica;\">Fotograf\u00edas<\/span><\/a><\/p>\n","protected":false},"excerpt":{"rendered":"<p>Yungay, con alegr\u00eda y emoci\u00f3n el \u201cComit\u00e9 de Pavimentaci\u00f3n Chipana-Dolores\u201d participaron este viernes 30 de mayo de la inauguraci\u00f3n de la pavimentaci\u00f3n de estas v\u00edas. En la ocasi\u00f3n la presidenta del comit\u00e9 Sra. Pilar&#46;&#46;&#46;<\/p>\n","protected":false},"author":2,"featured_media":16578,"comment_status":"open","ping_status":"open","sticky":false,"template":"","format":"standard","meta":{"footnotes":""},"categories":[1],"tags":[1115,742,8,6],"class_list":["post-11034","post","type-post","status-publish","format-standard","has-post-thumbnail","hentry","category-noticias","tag-noticias","tag-pavimentacion","tag-yungay","tag-yungayino"],"_links":{"self":[{"href":"https:\/\/www.yungayino.cl\/noticias\/index.php?rest_route=\/wp\/v2\/posts\/11034","targetHints":{"allow":["GET"]}}],"collection":[{"href":"https:\/\/www.yungayino.cl\/noticias\/index.php?rest_route=\/wp\/v2\/posts"}],"about":[{"href":"https:\/\/www.yungayino.cl\/noticias\/index.php?rest_route=\/wp\/v2\/types\/post"}],"author":[{"embeddable":true,"href":"https:\/\/www.yungayino.cl\/noticias\/index.php?rest_route=\/wp\/v2\/users\/2"}],"replies":[{"embeddable":true,"href":"https:\/\/www.yungayino.cl\/noticias\/index.php?rest_route=%2Fwp%2Fv2%2Fcomments&post=11034"}],"version-history":[{"count":2,"href":"https:\/\/www.yungayino.cl\/noticias\/index.php?rest_route=\/wp\/v2\/posts\/11034\/revisions"}],"predecessor-version":[{"id":11036,"href":"https:\/\/www.yungayino.cl\/noticias\/index.php?rest_route=\/wp\/v2\/posts\/11034\/revisions\/11036"}],"wp:featuredmedia":[{"embeddable":true,"href":"https:\/\/www.yungayino.cl\/noticias\/index.php?rest_route=\/wp\/v2\/media\/16578"}],"wp:attachment":[{"href":"https:\/\/www.yungayino.cl\/noticias\/index.php?rest_route=%2Fwp%2Fv2%2Fmedia&parent=11034"}],"wp:term":[{"taxonomy":"category","embeddable":true,"href":"https:\/\/www.yungayino.cl\/noticias\/index.php?rest_route=%2Fwp%2Fv2%2Fcategories&post=11034"},{"taxonomy":"post_tag","embeddable":true,"href":"https:\/\/www.yungayino.cl\/noticias\/index.php?rest_route=%2Fwp%2Fv2%2Ftags&post=11034"}],"curies":[{"name":"wp","href":"https:\/\/api.w.org\/{rel}","templated":true}]}}