{"id":11039,"date":"2014-06-01T20:00:05","date_gmt":"2014-06-02T00:00:05","guid":{"rendered":"http:\/\/www.yungayino.cl\/noticias\/?p=11039"},"modified":"2014-06-01T22:07:32","modified_gmt":"2014-06-02T02:07:32","slug":"pangal-del-laga-realizo-primer-festival-de-la-callampa","status":"publish","type":"post","link":"https:\/\/www.yungayino.cl\/noticias\/?p=11039","title":{"rendered":"Pangal del Laja Realiz\u00f3 Primer Festival de la Callampa"},"content":{"rendered":"<p><img loading=\"lazy\" decoding=\"async\" alt=\"YUNGAYINO.CL - El Portal de Yungay\" src=\"http:\/\/www.yungayino.cl\/2014\/fiestacallampapangal201405.jpg\" width=\"500\" height=\"300\" \/><\/p>\n<p style=\"text-align: justify;\"><span style=\"font-size: medium; font-family: helvetica;\">Yungay, s\u00e1bado 31 de mayo en el Sector de Pangal del Laja, la Junta de Vecinos realiz\u00f3 el Primer Festival \u201cSecando, pelando y cociendo la Callampa\u201d, al cu\u00e1l asisti\u00f3 una gran cantidad de vecinos y visitantes para apoyar el rescate de esta tradicional y silenciosa labor de recolecci\u00f3n de callampas que se realiza en los bosques de la zona Pangalina. En la ocasi\u00f3n el p\u00fablico pudo disfrutar de la cocina pangalina, donde las comidas fueron preparadas por sus propias due\u00f1as de casas, se destacaron la gran tarrallinata con base de salsas de callampas, adem\u00e1s de otros ricos alimentos como las empanadas, champi\u00f1ones fritos, etc., tambi\u00e9n destacar la buena m\u00fasica con la participaci\u00f3n del Grupo Folcl\u00f3rico de Adultos Mayores <b>\u201cAndalican\u201d<\/b><b> <\/b>y su monitor Carlos Gonz\u00e1les. Finalmente el Presidente de la Junta de Vecinos de Pangal del Laja, Juan Ignacio Campos reiter\u00f3 al Equipo del Portal Yungayino.cl sus agradecimientos a todos quienes de una u otra manera apoyaron para que esto resultara bien y manifiesto que en el futuro seguir\u00e1n realizando m\u00e1s actividades en beneficio de la Comunidad de Pangal del Laja y del rescate de la tradiciones campesinas.<\/span><\/p>\n<p style=\"text-align: justify;\"><a href=\"https:\/\/www.facebook.com\/media\/set\/?set=a.860376227310751.1073742172.159561284058919&amp;type=1\"><span style=\"font-size: medium; font-family: helvetica;\">Fotograf\u00edas<\/span><\/a><\/p>\n","protected":false},"excerpt":{"rendered":"<p>Yungay, s\u00e1bado 31 de mayo en el Sector de Pangal del Laja, la Junta de Vecinos realiz\u00f3 el Primer Festival \u201cSecando, pelando y cociendo la Callampa\u201d, al cu\u00e1l asisti\u00f3 una gran cantidad de vecinos&#46;&#46;&#46;<\/p>\n","protected":false},"author":2,"featured_media":16580,"comment_status":"open","ping_status":"open","sticky":false,"template":"","format":"standard","meta":{"footnotes":""},"categories":[1,15],"tags":[902,1115,426,8,6],"class_list":["post-11039","post","type-post","status-publish","format-standard","has-post-thumbnail","hentry","category-noticias","category-turismo","tag-fiesta-de-la-callampa","tag-noticias","tag-pangal-de-laja","tag-yungay","tag-yungayino"],"_links":{"self":[{"href":"https:\/\/www.yungayino.cl\/noticias\/index.php?rest_route=\/wp\/v2\/posts\/11039","targetHints":{"allow":["GET"]}}],"collection":[{"href":"https:\/\/www.yungayino.cl\/noticias\/index.php?rest_route=\/wp\/v2\/posts"}],"about":[{"href":"https:\/\/www.yungayino.cl\/noticias\/index.php?rest_route=\/wp\/v2\/types\/post"}],"author":[{"embeddable":true,"href":"https:\/\/www.yungayino.cl\/noticias\/index.php?rest_route=\/wp\/v2\/users\/2"}],"replies":[{"embeddable":true,"href":"https:\/\/www.yungayino.cl\/noticias\/index.php?rest_route=%2Fwp%2Fv2%2Fcomments&post=11039"}],"version-history":[{"count":3,"href":"https:\/\/www.yungayino.cl\/noticias\/index.php?rest_route=\/wp\/v2\/posts\/11039\/revisions"}],"predecessor-version":[{"id":11042,"href":"https:\/\/www.yungayino.cl\/noticias\/index.php?rest_route=\/wp\/v2\/posts\/11039\/revisions\/11042"}],"wp:featuredmedia":[{"embeddable":true,"href":"https:\/\/www.yungayino.cl\/noticias\/index.php?rest_route=\/wp\/v2\/media\/16580"}],"wp:attachment":[{"href":"https:\/\/www.yungayino.cl\/noticias\/index.php?rest_route=%2Fwp%2Fv2%2Fmedia&parent=11039"}],"wp:term":[{"taxonomy":"category","embeddable":true,"href":"https:\/\/www.yungayino.cl\/noticias\/index.php?rest_route=%2Fwp%2Fv2%2Fcategories&post=11039"},{"taxonomy":"post_tag","embeddable":true,"href":"https:\/\/www.yungayino.cl\/noticias\/index.php?rest_route=%2Fwp%2Fv2%2Ftags&post=11039"}],"curies":[{"name":"wp","href":"https:\/\/api.w.org\/{rel}","templated":true}]}}