{"id":11045,"date":"2014-06-02T09:00:37","date_gmt":"2014-06-02T13:00:37","guid":{"rendered":"http:\/\/www.yungayino.cl\/noticias\/?p=11045"},"modified":"2014-06-26T12:42:10","modified_gmt":"2014-06-26T16:42:10","slug":"departamento-de-educacion-municipal-de-yungay-destaca-esfuerzo-y-gestion-para-el-perfeccionamiento-docente","status":"publish","type":"post","link":"https:\/\/www.yungayino.cl\/noticias\/?p=11045","title":{"rendered":"Departamento de Educaci\u00f3n Municipal de Yungay Destaca Esfuerzo y Gesti\u00f3n Para el \u201cPerfeccionamiento Docente\u201d"},"content":{"rendered":"<p><a href=\"http:\/\/www.yungayino.cl\/noticias\/wp-content\/uploads\/2014\/06\/daem20140602.jpg\"><img loading=\"lazy\" decoding=\"async\" class=\"alignnone wp-image-11048 size-full\" src=\"http:\/\/www.yungayino.cl\/noticias\/wp-content\/uploads\/2014\/06\/daem20140602.jpg\" alt=\"daem20140602\" width=\"500\" height=\"300\" srcset=\"https:\/\/www.yungayino.cl\/noticias\/wp-content\/uploads\/2014\/06\/daem20140602.jpg 500w, https:\/\/www.yungayino.cl\/noticias\/wp-content\/uploads\/2014\/06\/daem20140602-300x180.jpg 300w, https:\/\/www.yungayino.cl\/noticias\/wp-content\/uploads\/2014\/06\/daem20140602-250x150.jpg 250w\" sizes=\"auto, (max-width: 500px) 100vw, 500px\" \/><\/a><\/p>\n<p style=\"text-align: justify;\">Yungay, el proceso de globalizaci\u00f3n y las nuevas tecnolog\u00edas inciden en los cambios que afectan a la ciudadan\u00eda tanto a nivel cultural, econ\u00f3mico, pol\u00edtico y de conocimiento, entre otros factores. El avance vertiginoso de la investigaci\u00f3n cient\u00edfica y desarrollo tecnol\u00f3gico crea una necesidad impostergable en el \u00e1mbito profesional que es la actualizaci\u00f3n o perfeccionamiento, aspecto transversal e inherente a todas las \u00e1reas de la ciencia. El Departamento de Educaci\u00f3n Municipal de Yungay, a trav\u00e9s del \u00e1rea t\u00e9cnica pedag\u00f3gica, conciente de este fen\u00f3meno, ha realizado esfuerzos y gestiones para que el cuerpo docente y directivo entre en una din\u00e1mica de constante actualizaci\u00f3n para poder responder a las necesidades educativas de la sociedad actual. En los \u00faltimos cinco a\u00f1os se ha instalado como pol\u00edtica del Daem, la generaci\u00f3n de dichas instancias, en distintos periodos del a\u00f1o, con diversas instituciones de prestigio y abordando variadas tem\u00e1ticas de la gesti\u00f3n escolar. Se puede destacar la iniciativa ejecutada en el a\u00f1o 2011, en conjunto con la Universidad de Concepci\u00f3n, donde 25 docentes de la comuna realizaron el Pos t\u00edtulo <strong>\u201cEspecialista en uso de TIC<\/strong><strong>\u2019S en el aula\u201d<\/strong>, que constaba de 600 horas de perfeccionamiento. Este Programa de actualizaci\u00f3n se enmarca en los lineamientos del curriculum nacional, que hace menci\u00f3n a la incorporaci\u00f3n de tecnolog\u00edas y el desarrollo de competencias digitales en los estudiantes.\u00a0 <!--more-->Un aspecto a destacar es el trabajo mancomunado entre los establecimientos educacionales y el DAEM en esta materia, puesto que las escuelas tienen la oportunidad de actuar de forma aut\u00f3noma (en el \u00e1mbito t\u00e9cnico pedag\u00f3gico) y a trav\u00e9s de su PME gestionar instancias de actualizaci\u00f3n. Tambi\u00e9n se da facilidad al profesorado para determinar un \u00e1rea que consideren pertinente trabajar y desde el nivel central gestionar con instituciones acreditadas, un perfeccionamiento acorde a las necesidades reales de los docentes. La sistematicidad con que se ha trabajado en esta materia ha tenido repercusiones positivas, en conjunto con otros factores, en el sistema comunal como el aumento en el puntaje SIMCE (preferentemente en las escuelas rurales), quienes registran una tendencia al alza y constante sobre la media en sus puntajes. Otro aspecto relevante es el posicionamiento de Yungay a nivel regional en actividades como concursos, congresos, proyectos entre otros. En el \u00e1rea extraescolar se ha participado en m\u00faltiples eventos relacionados con el arte, la ciencia, tecnolog\u00eda y deporte, obteniendo reconocimiento por su destacada intervenci\u00f3n. La escuela San Luis, liderada por el profesor Marcelo Vera, en un trabajo colaborativo con la Unidad T\u00e9cnico Pedag\u00f3gico Comunal dirigida por Se\u00f1ora Cecilia Cepeda Concha. En el a\u00f1o 2012 obtuvo segundo lugar regional en el Concurso organizado por el MINEDUC \u201cExperiencia Pedag\u00f3gicas exitosas\u201d con la propuesta \u201cEstrategias did\u00e1cticas y alfabetizaci\u00f3n digital\u201d. El mismo establecimiento el presente a\u00f1o representara a la Comuna en el Congreso de Astronom\u00eda y F\u00edsica organizado por la Universidad de Concepci\u00f3n y el Observatorio Astron\u00f3mico Embiggen en donde llevaran a cabo una investigaci\u00f3n y expondr\u00e1n la problem\u00e1tica en el mes de Septiembre. Esta serie de indicadores positivos, nos dan luces que se est\u00e1 orientando el trabajo en el sentido correcto y nos invita a continuar con nuestro modelo de gesti\u00f3n actual, desde una perspectiva cr\u00edtica y con una mirada global de los cambios a nivel social y las necesidades educativas de nuestra comuna.<\/p>\n<p style=\"text-align: justify;\"><a href=\"https:\/\/www.facebook.com\/media\/set\/?set=a.860786863936354.1073742173.159561284058919&amp;type=3&amp;uploaded=15\">Fotograf\u00edas<\/a><\/p>\n","protected":false},"excerpt":{"rendered":"<p>Yungay, el proceso de globalizaci\u00f3n y las nuevas tecnolog\u00edas inciden en los cambios que afectan a la ciudadan\u00eda tanto a nivel cultural, econ\u00f3mico, pol\u00edtico y de conocimiento, entre otros factores. El avance vertiginoso de&#46;&#46;&#46;<\/p>\n","protected":false},"author":2,"featured_media":11048,"comment_status":"open","ping_status":"open","sticky":false,"template":"","format":"standard","meta":{"footnotes":""},"categories":[1],"tags":[355,1115,8,6],"class_list":["post-11045","post","type-post","status-publish","format-standard","has-post-thumbnail","hentry","category-noticias","tag-daem","tag-noticias","tag-yungay","tag-yungayino"],"_links":{"self":[{"href":"https:\/\/www.yungayino.cl\/noticias\/index.php?rest_route=\/wp\/v2\/posts\/11045","targetHints":{"allow":["GET"]}}],"collection":[{"href":"https:\/\/www.yungayino.cl\/noticias\/index.php?rest_route=\/wp\/v2\/posts"}],"about":[{"href":"https:\/\/www.yungayino.cl\/noticias\/index.php?rest_route=\/wp\/v2\/types\/post"}],"author":[{"embeddable":true,"href":"https:\/\/www.yungayino.cl\/noticias\/index.php?rest_route=\/wp\/v2\/users\/2"}],"replies":[{"embeddable":true,"href":"https:\/\/www.yungayino.cl\/noticias\/index.php?rest_route=%2Fwp%2Fv2%2Fcomments&post=11045"}],"version-history":[{"count":8,"href":"https:\/\/www.yungayino.cl\/noticias\/index.php?rest_route=\/wp\/v2\/posts\/11045\/revisions"}],"predecessor-version":[{"id":11054,"href":"https:\/\/www.yungayino.cl\/noticias\/index.php?rest_route=\/wp\/v2\/posts\/11045\/revisions\/11054"}],"wp:featuredmedia":[{"embeddable":true,"href":"https:\/\/www.yungayino.cl\/noticias\/index.php?rest_route=\/wp\/v2\/media\/11048"}],"wp:attachment":[{"href":"https:\/\/www.yungayino.cl\/noticias\/index.php?rest_route=%2Fwp%2Fv2%2Fmedia&parent=11045"}],"wp:term":[{"taxonomy":"category","embeddable":true,"href":"https:\/\/www.yungayino.cl\/noticias\/index.php?rest_route=%2Fwp%2Fv2%2Fcategories&post=11045"},{"taxonomy":"post_tag","embeddable":true,"href":"https:\/\/www.yungayino.cl\/noticias\/index.php?rest_route=%2Fwp%2Fv2%2Ftags&post=11045"}],"curies":[{"name":"wp","href":"https:\/\/api.w.org\/{rel}","templated":true}]}}