{"id":11063,"date":"2014-06-04T10:00:28","date_gmt":"2014-06-04T14:00:28","guid":{"rendered":"http:\/\/www.yungayino.cl\/noticias\/?p=11063"},"modified":"2014-06-04T13:45:24","modified_gmt":"2014-06-04T17:45:24","slug":"en-yungay-se-celebrara-con-interesante-charla-dia-internacional-del-medio-ambiente","status":"publish","type":"post","link":"https:\/\/www.yungayino.cl\/noticias\/?p=11063","title":{"rendered":"En Yungay se Celebrar\u00e1 con Interesante Charla \u201cD\u00eda Internacional del Medio Ambiente\u201d"},"content":{"rendered":"<p style=\"text-align: justify;\"><a href=\"http:\/\/www.yungayino.cl\/noticias\/wp-content\/uploads\/2014\/06\/diamedioambiente2014.jpg\"><img loading=\"lazy\" decoding=\"async\" class=\"alignnone wp-image-11064 size-full\" src=\"http:\/\/www.yungayino.cl\/noticias\/wp-content\/uploads\/2014\/06\/diamedioambiente2014.jpg\" alt=\"diamedioambiente2014\" width=\"500\" height=\"300\" srcset=\"https:\/\/www.yungayino.cl\/noticias\/wp-content\/uploads\/2014\/06\/diamedioambiente2014.jpg 500w, https:\/\/www.yungayino.cl\/noticias\/wp-content\/uploads\/2014\/06\/diamedioambiente2014-300x180.jpg 300w, https:\/\/www.yungayino.cl\/noticias\/wp-content\/uploads\/2014\/06\/diamedioambiente2014-250x150.jpg 250w\" sizes=\"auto, (max-width: 500px) 100vw, 500px\" \/><\/a><\/p>\n<p style=\"text-align: justify;\">Yungay, la Municipalidad de Yungay a trav\u00e9s de la Direcci\u00f3n de SECPLAN y la Oficina de Turismo, con la colaboraci\u00f3n de la Organizaci\u00f3n Ambiental ADECOFFY (Agrupaci\u00f3n de Defensa y Conservaci\u00f3n de la Flora y Fauna Yungay), tienen el agrado de invitar a toda la comunidad yungayina a participar de una charla con motivo de la conmemoraci\u00f3n del d\u00eda Internacional del Medio Ambiente, este <strong>jueves 5 de Junio<\/strong> en el Auditorio de la Biblioteca P\u00fablica Municipal Oreste Montero, a partir de las 10 de la ma\u00f1ana. Esta actividad contempla en su programa la exposici\u00f3n de temas ambientales como la contaminaci\u00f3n atmosf\u00e9rica y el consumo de le\u00f1a, las alternativas en la gesti\u00f3n de residuos como el reciclaje, el compostaje y la lombricultura, la importancia de las \u00e1reas naturales silvestres y sus ecosistemas, la flora nativa de la regi\u00f3n y la muestra de un Cortometraje Ambiental. Adem\u00e1s invitamos a todos los vecinos y vecinas de Yungay a llevar material para el reciclaje como; botellas pl\u00e1sticas PET 1 (bebidas y jugos n\u00e9ctar), envases tetrapak (cajas de leche, jugo y vino), latas de aluminio (gaseosas y energ\u00e9ticas), papel y cart\u00f3n. Todos estos materiales deber\u00e1n ser depositados limpios y secos de materia org\u00e1nica en el punto limpio que se instalar\u00e1 en el frontis de la Biblioteca. Las personas que participen de esta actividad podr\u00e1n llevarse de recuerdo un lindo \u00e1rbol nativo.<\/p>\n<p>&nbsp;<\/p>\n","protected":false},"excerpt":{"rendered":"<p>Yungay, la Municipalidad de Yungay a trav\u00e9s de la Direcci\u00f3n de SECPLAN y la Oficina de Turismo, con la colaboraci\u00f3n de la Organizaci\u00f3n Ambiental ADECOFFY (Agrupaci\u00f3n de Defensa y Conservaci\u00f3n de la Flora y&#46;&#46;&#46;<\/p>\n","protected":false},"author":2,"featured_media":11064,"comment_status":"open","ping_status":"open","sticky":false,"template":"","format":"standard","meta":{"footnotes":""},"categories":[3,1],"tags":[903,1115,8,6],"class_list":["post-11063","post","type-post","status-publish","format-standard","has-post-thumbnail","hentry","category-actualidad","category-noticias","tag-dia-medio-ambiente","tag-noticias","tag-yungay","tag-yungayino"],"_links":{"self":[{"href":"https:\/\/www.yungayino.cl\/noticias\/index.php?rest_route=\/wp\/v2\/posts\/11063","targetHints":{"allow":["GET"]}}],"collection":[{"href":"https:\/\/www.yungayino.cl\/noticias\/index.php?rest_route=\/wp\/v2\/posts"}],"about":[{"href":"https:\/\/www.yungayino.cl\/noticias\/index.php?rest_route=\/wp\/v2\/types\/post"}],"author":[{"embeddable":true,"href":"https:\/\/www.yungayino.cl\/noticias\/index.php?rest_route=\/wp\/v2\/users\/2"}],"replies":[{"embeddable":true,"href":"https:\/\/www.yungayino.cl\/noticias\/index.php?rest_route=%2Fwp%2Fv2%2Fcomments&post=11063"}],"version-history":[{"count":2,"href":"https:\/\/www.yungayino.cl\/noticias\/index.php?rest_route=\/wp\/v2\/posts\/11063\/revisions"}],"predecessor-version":[{"id":11066,"href":"https:\/\/www.yungayino.cl\/noticias\/index.php?rest_route=\/wp\/v2\/posts\/11063\/revisions\/11066"}],"wp:featuredmedia":[{"embeddable":true,"href":"https:\/\/www.yungayino.cl\/noticias\/index.php?rest_route=\/wp\/v2\/media\/11064"}],"wp:attachment":[{"href":"https:\/\/www.yungayino.cl\/noticias\/index.php?rest_route=%2Fwp%2Fv2%2Fmedia&parent=11063"}],"wp:term":[{"taxonomy":"category","embeddable":true,"href":"https:\/\/www.yungayino.cl\/noticias\/index.php?rest_route=%2Fwp%2Fv2%2Fcategories&post=11063"},{"taxonomy":"post_tag","embeddable":true,"href":"https:\/\/www.yungayino.cl\/noticias\/index.php?rest_route=%2Fwp%2Fv2%2Ftags&post=11063"}],"curies":[{"name":"wp","href":"https:\/\/api.w.org\/{rel}","templated":true}]}}