{"id":11073,"date":"2014-06-06T10:00:48","date_gmt":"2014-06-06T14:00:48","guid":{"rendered":"http:\/\/www.yungayino.cl\/noticias\/?p=11073"},"modified":"2014-06-06T22:45:31","modified_gmt":"2014-06-07T02:45:31","slug":"yungay-celebro-dia-internacional-del-medio-ambiente-con-interesantes-charlas","status":"publish","type":"post","link":"https:\/\/www.yungayino.cl\/noticias\/?p=11073","title":{"rendered":"Yungay Celebr\u00f3 D\u00eda Internacional del Medio Ambiente con Interesantes Charlas"},"content":{"rendered":"<p><a href=\"http:\/\/www.yungayino.cl\/noticias\/wp-content\/uploads\/2014\/06\/medioambiente201406.jpg\"><img loading=\"lazy\" decoding=\"async\" class=\"alignnone wp-image-11074 size-full\" src=\"http:\/\/www.yungayino.cl\/noticias\/wp-content\/uploads\/2014\/06\/medioambiente201406.jpg\" alt=\"medioambiente201406\" width=\"500\" height=\"300\" srcset=\"https:\/\/www.yungayino.cl\/noticias\/wp-content\/uploads\/2014\/06\/medioambiente201406.jpg 500w, https:\/\/www.yungayino.cl\/noticias\/wp-content\/uploads\/2014\/06\/medioambiente201406-300x180.jpg 300w, https:\/\/www.yungayino.cl\/noticias\/wp-content\/uploads\/2014\/06\/medioambiente201406-250x150.jpg 250w\" sizes=\"auto, (max-width: 500px) 100vw, 500px\" \/><\/a><\/p>\n<p style=\"text-align: justify;\">Yungay, jueves 05 de junio 2014 en las dependencias de la Biblioteca P\u00fablica Oreste Montero, la Municipalidad de Yungay a trav\u00e9s de la Direcci\u00f3n de SECPLAN y la Oficina de Turismo, con la colaboraci\u00f3n de la Organizaci\u00f3n Ambiental ADECOFFY (Agrupaci\u00f3n de Defensa y Conservaci\u00f3n de la Flora y Fauna Yungay) celebraron el <strong>\u201cD\u00eda Internacional del Medio Ambiente\u201d<\/strong>, fecha que fue establecida por la Asamblea General de Naciones Unidas, en su resoluci\u00f3n del 15 de diciembre de 1972. La actividad que comenz\u00f3 a las 11:00 horas y que cont\u00f3 con la asistencia del alcalde (s) Alexis P\u00e9rez, concejales, expositores invitados, alumnos y p\u00fablico en general. El inicio de charlas comenz\u00f3 con la participaci\u00f3n de Miguel Mart\u00ednez, Encargado de Turismo de la comuna, qui\u00e9n expuso y dio detalles sobre las reservas de nuestra biosfera donde destac\u00f3 el \u201cCorredor Biol\u00f3gico de \u00d1uble\u201d. Luego el Asesor de la Agrupaci\u00f3n de Defensa y Conservaci\u00f3n de la Flora y Fauna Yungay (ADECOFFY) e Ingeniero Medioambiental, Mario Herrera expuso sobre la situaci\u00f3n actual del ecosistema, el efecto invernadero, el debilitamiento de la capa de ozono y el calentamiento global, finalizando y haciendo un llamado a todos los presentes que \u201cCuidar el Medioambiente es tarea de Todos\u201d. Finalmente puso t\u00e9rmino a este ciclo de charlas representando a la Corporaci\u00f3n Nacional Forestal CONAF el Sr. Francisco Castillo, qui\u00e9n expuso la historia, evoluci\u00f3n y distribuci\u00f3n de los bosques del sur de Sudam\u00e9rica.<\/p>\n<p style=\"text-align: justify;\"><a href=\"https:\/\/www.facebook.com\/media\/set\/?set=a.863836336964740.1073742177.159561284058919&amp;type=3&amp;uploaded=24\">Fotograf\u00edas<\/a><\/p>\n","protected":false},"excerpt":{"rendered":"<p>Yungay, jueves 05 de junio 2014 en las dependencias de la Biblioteca P\u00fablica Oreste Montero, la Municipalidad de Yungay a trav\u00e9s de la Direcci\u00f3n de SECPLAN y la Oficina de Turismo, con la colaboraci\u00f3n&#46;&#46;&#46;<\/p>\n","protected":false},"author":2,"featured_media":11074,"comment_status":"open","ping_status":"open","sticky":false,"template":"","format":"standard","meta":{"footnotes":""},"categories":[1],"tags":[904,8,6],"class_list":["post-11073","post","type-post","status-publish","format-standard","has-post-thumbnail","hentry","category-noticias","tag-medio-ambiente","tag-yungay","tag-yungayino"],"_links":{"self":[{"href":"https:\/\/www.yungayino.cl\/noticias\/index.php?rest_route=\/wp\/v2\/posts\/11073","targetHints":{"allow":["GET"]}}],"collection":[{"href":"https:\/\/www.yungayino.cl\/noticias\/index.php?rest_route=\/wp\/v2\/posts"}],"about":[{"href":"https:\/\/www.yungayino.cl\/noticias\/index.php?rest_route=\/wp\/v2\/types\/post"}],"author":[{"embeddable":true,"href":"https:\/\/www.yungayino.cl\/noticias\/index.php?rest_route=\/wp\/v2\/users\/2"}],"replies":[{"embeddable":true,"href":"https:\/\/www.yungayino.cl\/noticias\/index.php?rest_route=%2Fwp%2Fv2%2Fcomments&post=11073"}],"version-history":[{"count":1,"href":"https:\/\/www.yungayino.cl\/noticias\/index.php?rest_route=\/wp\/v2\/posts\/11073\/revisions"}],"predecessor-version":[{"id":11075,"href":"https:\/\/www.yungayino.cl\/noticias\/index.php?rest_route=\/wp\/v2\/posts\/11073\/revisions\/11075"}],"wp:featuredmedia":[{"embeddable":true,"href":"https:\/\/www.yungayino.cl\/noticias\/index.php?rest_route=\/wp\/v2\/media\/11074"}],"wp:attachment":[{"href":"https:\/\/www.yungayino.cl\/noticias\/index.php?rest_route=%2Fwp%2Fv2%2Fmedia&parent=11073"}],"wp:term":[{"taxonomy":"category","embeddable":true,"href":"https:\/\/www.yungayino.cl\/noticias\/index.php?rest_route=%2Fwp%2Fv2%2Fcategories&post=11073"},{"taxonomy":"post_tag","embeddable":true,"href":"https:\/\/www.yungayino.cl\/noticias\/index.php?rest_route=%2Fwp%2Fv2%2Ftags&post=11073"}],"curies":[{"name":"wp","href":"https:\/\/api.w.org\/{rel}","templated":true}]}}