{"id":11076,"date":"2014-06-06T16:00:19","date_gmt":"2014-06-06T20:00:19","guid":{"rendered":"http:\/\/www.yungayino.cl\/noticias\/?p=11076"},"modified":"2014-06-06T22:54:10","modified_gmt":"2014-06-07T02:54:10","slug":"carabineros-de-yungay-y-jardin-infantil-mundo-de-amor-celebraron-el-dia-mundial-del-medio-ambiente","status":"publish","type":"post","link":"https:\/\/www.yungayino.cl\/noticias\/?p=11076","title":{"rendered":"Carabineros de Yungay y Jard\u00edn Infantil \u201cMundo de Amor\u201d Celebraron el D\u00eda Mundial del Medio Ambiente"},"content":{"rendered":"<p><a href=\"http:\/\/www.yungayino.cl\/noticias\/wp-content\/uploads\/2014\/06\/carabineros20140605.jpg\"><img loading=\"lazy\" decoding=\"async\" class=\"alignnone wp-image-11077 size-full\" src=\"http:\/\/www.yungayino.cl\/noticias\/wp-content\/uploads\/2014\/06\/carabineros20140605.jpg\" alt=\"carabineros20140605\" width=\"500\" height=\"300\" srcset=\"https:\/\/www.yungayino.cl\/noticias\/wp-content\/uploads\/2014\/06\/carabineros20140605.jpg 500w, https:\/\/www.yungayino.cl\/noticias\/wp-content\/uploads\/2014\/06\/carabineros20140605-300x180.jpg 300w, https:\/\/www.yungayino.cl\/noticias\/wp-content\/uploads\/2014\/06\/carabineros20140605-250x150.jpg 250w\" sizes=\"auto, (max-width: 500px) 100vw, 500px\" \/><\/a><\/p>\n<p style=\"text-align: justify;\">Yungay, en el marco del D\u00eda Mundial del Medio Ambiente,\u00a0parvularias, apoderados y ni\u00f1os del Jard\u00edn Infantil \u201cMundo de Amor\u201d participaron ayer junto a Carabineros en una actividad donde plantaron \u00e1rboles. El Suboficial de la Cuarta Comisar\u00eda de Yungay Juan Carlos Espinoza, adem\u00e1s Encargado de Asuntos Comunitarios organiz\u00f3 el evento con la participaci\u00f3n de funcionarios del Jard\u00edn, como parte de la Campa\u00f1a denominada \u201cPlanta un \u00e1rbol y siembra esperanza\u201d. Finalmente el Suboficial Espinoza, manifest\u00f3 al Equipo del Portal Yungayino.cl que Carabineros de Chile siempre est\u00e1 comprometido con la protecci\u00f3n del medio ambiente y en este D\u00eda Internacional del Medio Ambiente, quisimos participar con los ni\u00f1os de nuestra jurisdicci\u00f3n para plantar arbolitos para que ellos vean c\u00f3mo crecen y sepan el beneficio que significa forestar\u00a0 nuestro entorno.<\/p>\n<p style=\"text-align: justify;\"><a href=\"https:\/\/www.facebook.com\/media\/set\/?set=a.863839030297804.1073742178.159561284058919&amp;type=3&amp;uploaded=10\">Fotograf\u00edas<\/a><\/p>\n","protected":false},"excerpt":{"rendered":"<p>Yungay, en el marco del D\u00eda Mundial del Medio Ambiente,\u00a0parvularias, apoderados y ni\u00f1os del Jard\u00edn Infantil \u201cMundo de Amor\u201d participaron ayer junto a Carabineros en una actividad donde plantaron \u00e1rboles. El Suboficial de la&#46;&#46;&#46;<\/p>\n","protected":false},"author":2,"featured_media":11077,"comment_status":"open","ping_status":"open","sticky":false,"template":"","format":"standard","meta":{"footnotes":""},"categories":[1],"tags":[25,1115,8,6],"class_list":["post-11076","post","type-post","status-publish","format-standard","has-post-thumbnail","hentry","category-noticias","tag-carabineros","tag-noticias","tag-yungay","tag-yungayino"],"_links":{"self":[{"href":"https:\/\/www.yungayino.cl\/noticias\/index.php?rest_route=\/wp\/v2\/posts\/11076","targetHints":{"allow":["GET"]}}],"collection":[{"href":"https:\/\/www.yungayino.cl\/noticias\/index.php?rest_route=\/wp\/v2\/posts"}],"about":[{"href":"https:\/\/www.yungayino.cl\/noticias\/index.php?rest_route=\/wp\/v2\/types\/post"}],"author":[{"embeddable":true,"href":"https:\/\/www.yungayino.cl\/noticias\/index.php?rest_route=\/wp\/v2\/users\/2"}],"replies":[{"embeddable":true,"href":"https:\/\/www.yungayino.cl\/noticias\/index.php?rest_route=%2Fwp%2Fv2%2Fcomments&post=11076"}],"version-history":[{"count":2,"href":"https:\/\/www.yungayino.cl\/noticias\/index.php?rest_route=\/wp\/v2\/posts\/11076\/revisions"}],"predecessor-version":[{"id":11079,"href":"https:\/\/www.yungayino.cl\/noticias\/index.php?rest_route=\/wp\/v2\/posts\/11076\/revisions\/11079"}],"wp:featuredmedia":[{"embeddable":true,"href":"https:\/\/www.yungayino.cl\/noticias\/index.php?rest_route=\/wp\/v2\/media\/11077"}],"wp:attachment":[{"href":"https:\/\/www.yungayino.cl\/noticias\/index.php?rest_route=%2Fwp%2Fv2%2Fmedia&parent=11076"}],"wp:term":[{"taxonomy":"category","embeddable":true,"href":"https:\/\/www.yungayino.cl\/noticias\/index.php?rest_route=%2Fwp%2Fv2%2Fcategories&post=11076"},{"taxonomy":"post_tag","embeddable":true,"href":"https:\/\/www.yungayino.cl\/noticias\/index.php?rest_route=%2Fwp%2Fv2%2Ftags&post=11076"}],"curies":[{"name":"wp","href":"https:\/\/api.w.org\/{rel}","templated":true}]}}