{"id":11086,"date":"2014-06-06T23:00:59","date_gmt":"2014-06-07T03:00:59","guid":{"rendered":"http:\/\/www.yungayino.cl\/noticias\/?p=11086"},"modified":"2014-06-07T00:29:53","modified_gmt":"2014-06-07T04:29:53","slug":"gobernadora-de-nuble-visito-yungay","status":"publish","type":"post","link":"https:\/\/www.yungayino.cl\/noticias\/?p=11086","title":{"rendered":"Gobernadora de \u00d1uble Visit\u00f3 Yungay"},"content":{"rendered":"<p><a href=\"http:\/\/www.yungayino.cl\/noticias\/wp-content\/uploads\/2014\/06\/gobernadora20140606.jpg\"><img loading=\"lazy\" decoding=\"async\" class=\"alignnone size-full wp-image-11087\" src=\"http:\/\/www.yungayino.cl\/noticias\/wp-content\/uploads\/2014\/06\/gobernadora20140606.jpg\" alt=\"gobernadora20140606\" width=\"500\" height=\"300\" srcset=\"https:\/\/www.yungayino.cl\/noticias\/wp-content\/uploads\/2014\/06\/gobernadora20140606.jpg 500w, https:\/\/www.yungayino.cl\/noticias\/wp-content\/uploads\/2014\/06\/gobernadora20140606-300x180.jpg 300w, https:\/\/www.yungayino.cl\/noticias\/wp-content\/uploads\/2014\/06\/gobernadora20140606-250x150.jpg 250w\" sizes=\"auto, (max-width: 500px) 100vw, 500px\" \/><\/a><\/p>\n<p style=\"text-align: justify;\">Yungay, viernes 06 de junio 2014 fiel a la pol\u00edtica de gobierno en terreno que busca inyectar la Presidenta Michelle Bachelet a nivel provincial la gobernadora de \u00d1uble, Lorena Vera, visit\u00f3 la comuna de Yungay y la localidad de Campanario, donde se reuni\u00f3 con la Presidenta de la Uni\u00f3n Comunal de Juntas de Vecinos, Ang\u00e9lica Mart\u00ednez, los concejales Rafael Cifuentes y Marco Cuevas, adem\u00e1s de Dirigentes Vecinales, quienes expresaron algunas necesidades para nuestra comuna adem\u00e1s, de solicitar el apoyo de la autoridad para las futuras postulaciones de proyectos que benefician a nuestros vecinos. Finalmente la Gobernadora manifest\u00f3 al Equipo del Portal Yungayino.cl, que el principal motivo de esta visita era escuchar y conocer las necesidades reales que afectan a las juntas de vecinos de nuestra comuna, adem\u00e1s de ratificar el apoyo en los proyectos que los vecinos est\u00e1n postulando y se\u00f1al\u00f3 tambi\u00e9n saber los da\u00f1os que afectaron a nuestra comuna por el pasado terremoto para as\u00ed, poder ir dando soluciones a los problemas.<\/p>\n<p style=\"text-align: justify;\"><a href=\"https:\/\/www.facebook.com\/media\/set\/?set=a.863880433626997.1073742180.159561284058919&amp;type=3&amp;uploaded=9\">Fotograf\u00edas<\/a><\/p>\n","protected":false},"excerpt":{"rendered":"<p>Yungay, viernes 06 de junio 2014 fiel a la pol\u00edtica de gobierno en terreno que busca inyectar la Presidenta Michelle Bachelet a nivel provincial la gobernadora de \u00d1uble, Lorena Vera, visit\u00f3 la comuna de&#46;&#46;&#46;<\/p>\n","protected":false},"author":2,"featured_media":11087,"comment_status":"open","ping_status":"open","sticky":false,"template":"","format":"standard","meta":{"footnotes":""},"categories":[1],"tags":[1115,8,6],"class_list":["post-11086","post","type-post","status-publish","format-standard","has-post-thumbnail","hentry","category-noticias","tag-noticias","tag-yungay","tag-yungayino"],"_links":{"self":[{"href":"https:\/\/www.yungayino.cl\/noticias\/index.php?rest_route=\/wp\/v2\/posts\/11086","targetHints":{"allow":["GET"]}}],"collection":[{"href":"https:\/\/www.yungayino.cl\/noticias\/index.php?rest_route=\/wp\/v2\/posts"}],"about":[{"href":"https:\/\/www.yungayino.cl\/noticias\/index.php?rest_route=\/wp\/v2\/types\/post"}],"author":[{"embeddable":true,"href":"https:\/\/www.yungayino.cl\/noticias\/index.php?rest_route=\/wp\/v2\/users\/2"}],"replies":[{"embeddable":true,"href":"https:\/\/www.yungayino.cl\/noticias\/index.php?rest_route=%2Fwp%2Fv2%2Fcomments&post=11086"}],"version-history":[{"count":1,"href":"https:\/\/www.yungayino.cl\/noticias\/index.php?rest_route=\/wp\/v2\/posts\/11086\/revisions"}],"predecessor-version":[{"id":11088,"href":"https:\/\/www.yungayino.cl\/noticias\/index.php?rest_route=\/wp\/v2\/posts\/11086\/revisions\/11088"}],"wp:featuredmedia":[{"embeddable":true,"href":"https:\/\/www.yungayino.cl\/noticias\/index.php?rest_route=\/wp\/v2\/media\/11087"}],"wp:attachment":[{"href":"https:\/\/www.yungayino.cl\/noticias\/index.php?rest_route=%2Fwp%2Fv2%2Fmedia&parent=11086"}],"wp:term":[{"taxonomy":"category","embeddable":true,"href":"https:\/\/www.yungayino.cl\/noticias\/index.php?rest_route=%2Fwp%2Fv2%2Fcategories&post=11086"},{"taxonomy":"post_tag","embeddable":true,"href":"https:\/\/www.yungayino.cl\/noticias\/index.php?rest_route=%2Fwp%2Fv2%2Ftags&post=11086"}],"curies":[{"name":"wp","href":"https:\/\/api.w.org\/{rel}","templated":true}]}}