{"id":11090,"date":"2014-06-07T19:00:58","date_gmt":"2014-06-07T23:00:58","guid":{"rendered":"http:\/\/www.yungayino.cl\/noticias\/?p=11090"},"modified":"2014-06-07T21:53:31","modified_gmt":"2014-06-08T01:53:31","slug":"importante-reunion-realizo-la-union-comunal-de-juntas-vecinos-de-yungay","status":"publish","type":"post","link":"https:\/\/www.yungayino.cl\/noticias\/?p=11090","title":{"rendered":"Importante Reuni\u00f3n Realiz\u00f3 la Uni\u00f3n Comunal de Juntas Vecinos de Yungay"},"content":{"rendered":"<p style=\"text-align: justify;\"><a href=\"http:\/\/www.yungayino.cl\/noticias\/wp-content\/uploads\/2014\/06\/carabineros201406.jpg\"><img loading=\"lazy\" decoding=\"async\" class=\"alignnone size-full wp-image-11091\" src=\"http:\/\/www.yungayino.cl\/noticias\/wp-content\/uploads\/2014\/06\/carabineros201406.jpg\" alt=\"carabineros201406\" width=\"500\" height=\"300\" srcset=\"https:\/\/www.yungayino.cl\/noticias\/wp-content\/uploads\/2014\/06\/carabineros201406.jpg 500w, https:\/\/www.yungayino.cl\/noticias\/wp-content\/uploads\/2014\/06\/carabineros201406-300x180.jpg 300w, https:\/\/www.yungayino.cl\/noticias\/wp-content\/uploads\/2014\/06\/carabineros201406-250x150.jpg 250w\" sizes=\"auto, (max-width: 500px) 100vw, 500px\" \/><\/a><\/p>\n<p style=\"text-align: justify;\">Yungay, este viernes 06 de junio en las dependencias del Sal\u00f3n de Carabineros se llevo a cabo una importante reuni\u00f3n de la Uni\u00f3n Comunal de Juntas Vecinos de Yungay encabezada por su presidenta Sra. Ang\u00e9lica Mart\u00ednez. En la ocasi\u00f3n se recibieron las inquietudes de los diferentes dirigentes presentes y adem\u00e1s de analizar los compromisos de trabajo. En la ocasi\u00f3n particip\u00f3 el Suboficial de la Cuarta Comisar\u00eda de Yungay Juan Carlos Espinoza, adem\u00e1s de Encargado de Asuntos Comunitarios, qui\u00e9n se\u00f1alo que Carabineros siempre estar\u00e1 comprometido para prestar el apoyo a las diferentes instituciones e hizo un llamado a los dirigentes para que colaboren realizando las denuncias cada vez que se presente un delito y llam\u00f3 a trabajar en equipo. Por su parte el Concejal Rafael Cifuentes present\u00f3 como invitado al Coordinador Territorial de la Gobernaci\u00f3n Sr. Pablo Ulloa, qui\u00e9n respondi\u00f3 las consultas y dudas, adem\u00e1s de orientar a los dirigentes sobre como postular a los diferentes proyectos de fortalecimiento. Finalmente durante la tarde los dirigentes se reunieron con la Gobernadora de \u00d1uble, Lorena Vera.<\/p>\n<p style=\"text-align: justify;\"><a href=\"http:\/\/www.yungayino.cl\/noticias\/?p=11086\">M\u00e1s Informaci\u00f3n<\/a><\/p>\n<p style=\"text-align: justify;\"><a href=\"https:\/\/www.facebook.com\/media\/set\/?set=a.864380090243698.1073742181.159561284058919&amp;type=3&amp;uploaded=11\">Fotograf\u00edas<\/a><\/p>\n","protected":false},"excerpt":{"rendered":"<p>Yungay, este viernes 06 de junio en las dependencias del Sal\u00f3n de Carabineros se llevo a cabo una importante reuni\u00f3n de la Uni\u00f3n Comunal de Juntas Vecinos de Yungay encabezada por su presidenta Sra.&#46;&#46;&#46;<\/p>\n","protected":false},"author":2,"featured_media":11091,"comment_status":"open","ping_status":"open","sticky":false,"template":"","format":"standard","meta":{"footnotes":""},"categories":[1],"tags":[1115,433,8,6],"class_list":["post-11090","post","type-post","status-publish","format-standard","has-post-thumbnail","hentry","category-noticias","tag-noticias","tag-union-comunal","tag-yungay","tag-yungayino"],"_links":{"self":[{"href":"https:\/\/www.yungayino.cl\/noticias\/index.php?rest_route=\/wp\/v2\/posts\/11090","targetHints":{"allow":["GET"]}}],"collection":[{"href":"https:\/\/www.yungayino.cl\/noticias\/index.php?rest_route=\/wp\/v2\/posts"}],"about":[{"href":"https:\/\/www.yungayino.cl\/noticias\/index.php?rest_route=\/wp\/v2\/types\/post"}],"author":[{"embeddable":true,"href":"https:\/\/www.yungayino.cl\/noticias\/index.php?rest_route=\/wp\/v2\/users\/2"}],"replies":[{"embeddable":true,"href":"https:\/\/www.yungayino.cl\/noticias\/index.php?rest_route=%2Fwp%2Fv2%2Fcomments&post=11090"}],"version-history":[{"count":3,"href":"https:\/\/www.yungayino.cl\/noticias\/index.php?rest_route=\/wp\/v2\/posts\/11090\/revisions"}],"predecessor-version":[{"id":11094,"href":"https:\/\/www.yungayino.cl\/noticias\/index.php?rest_route=\/wp\/v2\/posts\/11090\/revisions\/11094"}],"wp:featuredmedia":[{"embeddable":true,"href":"https:\/\/www.yungayino.cl\/noticias\/index.php?rest_route=\/wp\/v2\/media\/11091"}],"wp:attachment":[{"href":"https:\/\/www.yungayino.cl\/noticias\/index.php?rest_route=%2Fwp%2Fv2%2Fmedia&parent=11090"}],"wp:term":[{"taxonomy":"category","embeddable":true,"href":"https:\/\/www.yungayino.cl\/noticias\/index.php?rest_route=%2Fwp%2Fv2%2Fcategories&post=11090"},{"taxonomy":"post_tag","embeddable":true,"href":"https:\/\/www.yungayino.cl\/noticias\/index.php?rest_route=%2Fwp%2Fv2%2Ftags&post=11090"}],"curies":[{"name":"wp","href":"https:\/\/api.w.org\/{rel}","templated":true}]}}