{"id":11130,"date":"2014-06-16T10:00:11","date_gmt":"2014-06-16T14:00:11","guid":{"rendered":"http:\/\/www.yungayino.cl\/noticias\/?p=11130"},"modified":"2014-06-16T18:49:54","modified_gmt":"2014-06-16T22:49:54","slug":"bomberos-de-yungay-celebra-53-anos-de-vida","status":"publish","type":"post","link":"https:\/\/www.yungayino.cl\/noticias\/?p=11130","title":{"rendered":"Bomberos de Yungay Celebra 53 A\u00f1os de Vida"},"content":{"rendered":"<p><a href=\"http:\/\/www.yungayino.cl\/noticias\/wp-content\/uploads\/2014\/06\/bomberos20140614.jpg\"><img loading=\"lazy\" decoding=\"async\" class=\"alignnone size-full wp-image-11131\" src=\"http:\/\/www.yungayino.cl\/noticias\/wp-content\/uploads\/2014\/06\/bomberos20140614.jpg\" alt=\"bomberos20140614\" width=\"500\" height=\"300\" srcset=\"https:\/\/www.yungayino.cl\/noticias\/wp-content\/uploads\/2014\/06\/bomberos20140614.jpg 500w, https:\/\/www.yungayino.cl\/noticias\/wp-content\/uploads\/2014\/06\/bomberos20140614-300x180.jpg 300w, https:\/\/www.yungayino.cl\/noticias\/wp-content\/uploads\/2014\/06\/bomberos20140614-250x150.jpg 250w\" sizes=\"auto, (max-width: 500px) 100vw, 500px\" \/><\/a><\/p>\n<p style=\"text-align: justify;\">Yungay, el pasado s\u00e1bado 14 de Junio a las 18:30 horas, en el Auditorio de la Biblioteca Publica Oreste Montero, se realiz\u00f3 la sesi\u00f3n solemne conmemorativa de los <strong>53 a\u00f1os<\/strong> de vida institucional del Cuerpo de Bomberos de Yungay. La ceremonia cont\u00f3 con la presencia del alcalde Pedro Inostroza Valenzuela, concejales, autoridades, invitados especiales, voluntarios, familiares y p\u00fablico en general. El acto comenz\u00f3 con el inicio de la sesi\u00f3n por parte del superintendente del Cuerpo de Bomberos de Yungay, Jos\u00e9 Francisco Sep\u00falveda Ocampo, para luego entonar el himno nacional. Posteriormente se realiz\u00f3 la entrega de certificados de cursos dictados por la Academia Nacional de Bomberos, donde nuestros voluntarios aprobaron los cursos de: \u201cPrimap\u201d, \u201cEntradas Forzadas\u201d, \u201cVentilaci\u00f3n en Incendios\u201d, \u201cCuerda, nudos e Izamiento de Material\u201d, \u201dEscalas para Control de Incendio Estructurales\u201d y \u201cControl de Incendio\u201d. Uno de los momentos m\u00e1s connotados y de mayor orgullo, fue la entrega de la medalla de reconocimiento por los a\u00f1os de servicio tanto en 5, 10, 15 y 20 a\u00f1os. Asimismo, destac\u00f3 la premiaci\u00f3n especial a Sra. Susan Roa y Sabina Burboa, ambas Radio Operadoras durante estos \u00faltimos10 a\u00f1os de servicio y tambi\u00e9n se hizo entrega de un bouquet de flores a la Sra. Dayane Fritz y Sra. Mar\u00eda Palomino por formar parte de la instituci\u00f3n como personal rentado. La m\u00fasica no pod\u00eda estar ausente de esta celebraci\u00f3n, es por eso que se destac\u00f3 la participaci\u00f3n del Grupo \u201cVentolera\u201d del Colegio Cholgu\u00e1n, bajo la direcci\u00f3n de Manuel Su\u00e1rez. Finalmente el Superintendente Jos\u00e9 Francisco Sep\u00falveda Ocampo, manifest\u00f3 sentirse muy orgulloso de estar al frente de esta instituci\u00f3n de servicio p\u00fablico que siempre ha demostrado un gran esp\u00edritu de servicio y un alto grado de profesionalismo en el desempe\u00f1o de sus labores en el bien de la comunidad.<\/p>\n<p style=\"text-align: justify;\"><a href=\"https:\/\/www.facebook.com\/media\/set\/?set=a.871157979565909.1073742191.159561284058919&amp;type=3&amp;uploaded=105\">Fotograf\u00edas<\/a><\/p>\n","protected":false},"excerpt":{"rendered":"<p>Yungay, el pasado s\u00e1bado 14 de Junio a las 18:30 horas, en el Auditorio de la Biblioteca Publica Oreste Montero, se realiz\u00f3 la sesi\u00f3n solemne conmemorativa de los 53 a\u00f1os de vida institucional del&#46;&#46;&#46;<\/p>\n","protected":false},"author":2,"featured_media":11131,"comment_status":"open","ping_status":"open","sticky":false,"template":"","format":"standard","meta":{"footnotes":""},"categories":[1],"tags":[37,1115,8,6],"class_list":["post-11130","post","type-post","status-publish","format-standard","has-post-thumbnail","hentry","category-noticias","tag-bomberos","tag-noticias","tag-yungay","tag-yungayino"],"_links":{"self":[{"href":"https:\/\/www.yungayino.cl\/noticias\/index.php?rest_route=\/wp\/v2\/posts\/11130","targetHints":{"allow":["GET"]}}],"collection":[{"href":"https:\/\/www.yungayino.cl\/noticias\/index.php?rest_route=\/wp\/v2\/posts"}],"about":[{"href":"https:\/\/www.yungayino.cl\/noticias\/index.php?rest_route=\/wp\/v2\/types\/post"}],"author":[{"embeddable":true,"href":"https:\/\/www.yungayino.cl\/noticias\/index.php?rest_route=\/wp\/v2\/users\/2"}],"replies":[{"embeddable":true,"href":"https:\/\/www.yungayino.cl\/noticias\/index.php?rest_route=%2Fwp%2Fv2%2Fcomments&post=11130"}],"version-history":[{"count":2,"href":"https:\/\/www.yungayino.cl\/noticias\/index.php?rest_route=\/wp\/v2\/posts\/11130\/revisions"}],"predecessor-version":[{"id":11133,"href":"https:\/\/www.yungayino.cl\/noticias\/index.php?rest_route=\/wp\/v2\/posts\/11130\/revisions\/11133"}],"wp:featuredmedia":[{"embeddable":true,"href":"https:\/\/www.yungayino.cl\/noticias\/index.php?rest_route=\/wp\/v2\/media\/11131"}],"wp:attachment":[{"href":"https:\/\/www.yungayino.cl\/noticias\/index.php?rest_route=%2Fwp%2Fv2%2Fmedia&parent=11130"}],"wp:term":[{"taxonomy":"category","embeddable":true,"href":"https:\/\/www.yungayino.cl\/noticias\/index.php?rest_route=%2Fwp%2Fv2%2Fcategories&post=11130"},{"taxonomy":"post_tag","embeddable":true,"href":"https:\/\/www.yungayino.cl\/noticias\/index.php?rest_route=%2Fwp%2Fv2%2Ftags&post=11130"}],"curies":[{"name":"wp","href":"https:\/\/api.w.org\/{rel}","templated":true}]}}