{"id":11142,"date":"2014-06-18T18:00:40","date_gmt":"2014-06-18T22:00:40","guid":{"rendered":"http:\/\/www.yungayino.cl\/noticias\/?p=11142"},"modified":"2014-06-18T21:47:59","modified_gmt":"2014-06-19T01:47:59","slug":"escuela-rural-de-san-miguel-de-itata-de-yungay-celebro-dia-internacional-del-medioambiente","status":"publish","type":"post","link":"https:\/\/www.yungayino.cl\/noticias\/?p=11142","title":{"rendered":"Escuela Rural de San Miguel de Itata de Yungay Celebr\u00f3 \u201cD\u00eda Internacional del Medioambiente\u201d"},"content":{"rendered":"<p><a href=\"http:\/\/www.yungayino.cl\/noticias\/wp-content\/uploads\/2014\/06\/sanmigueldeitata201406.jpg\"><img loading=\"lazy\" decoding=\"async\" class=\"alignnone size-full wp-image-11143\" src=\"http:\/\/www.yungayino.cl\/noticias\/wp-content\/uploads\/2014\/06\/sanmigueldeitata201406.jpg\" alt=\"sanmigueldeitata201406\" width=\"500\" height=\"300\" srcset=\"https:\/\/www.yungayino.cl\/noticias\/wp-content\/uploads\/2014\/06\/sanmigueldeitata201406.jpg 500w, https:\/\/www.yungayino.cl\/noticias\/wp-content\/uploads\/2014\/06\/sanmigueldeitata201406-300x180.jpg 300w, https:\/\/www.yungayino.cl\/noticias\/wp-content\/uploads\/2014\/06\/sanmigueldeitata201406-250x150.jpg 250w\" sizes=\"auto, (max-width: 500px) 100vw, 500px\" \/><\/a><\/p>\n<p style=\"text-align: justify;\">Yungay, para generar conciencia sobre las repercusiones que nuestras actividades cotidianas generan en nuestro planeta, la Escuela Rural de San Miguel de Itata, realiz\u00f3 un acto con motivo de la celebraci\u00f3n del D\u00eda Internacional del Medioambiente. La ceremonia cont\u00f3 con la asistencia de Marcelo Sep\u00falveda Castillo, Coordinador Comunal del Programa de Integraci\u00f3n Escolar DAEM, la concejala Juana Sandoval, Profesores, apoderados y alumnos de los diferentes cursos. Para Marina Tapia, profesora encargada de la escuela, manifest\u00f3 estar muy satisfecha con la participaci\u00f3n de los ni\u00f1os y el apoyo de los apoderados en las diferentes actividades realizadas. Por su parte Marcelo Sep\u00falveda Castillo, manifest\u00f3 como representante del Daem sentirse muy contento con el trabajo expuesto por los alumnos y destac\u00f3 la participaci\u00f3n de los ni\u00f1os y apoderados. Finalmente la concejala, Juana Sandoval expreso al Equipo del Portal Yungayino.cl, que esta actividad fue muy hermosa y felicit\u00f3 a toda la comunidad escolar por los logros y destac\u00f3 a los alumnos que participaron en la presentaci\u00f3n y a los pap\u00e1s que los apoyaron para realizar el acto.<\/p>\n<p style=\"text-align: justify;\"><a href=\"https:\/\/www.facebook.com\/media\/set\/?set=a.872703266078047.1073742194.159561284058919&amp;type=3&amp;uploaded=43\">Fotograf\u00edas<\/a><\/p>\n","protected":false},"excerpt":{"rendered":"<p>Yungay, para generar conciencia sobre las repercusiones que nuestras actividades cotidianas generan en nuestro planeta, la Escuela Rural de San Miguel de Itata, realiz\u00f3 un acto con motivo de la celebraci\u00f3n del D\u00eda Internacional&#46;&#46;&#46;<\/p>\n","protected":false},"author":2,"featured_media":11143,"comment_status":"open","ping_status":"open","sticky":false,"template":"","format":"standard","meta":{"footnotes":""},"categories":[1],"tags":[1115,908,8,6],"class_list":["post-11142","post","type-post","status-publish","format-standard","has-post-thumbnail","hentry","category-noticias","tag-noticias","tag-san-miguel-de-itata","tag-yungay","tag-yungayino"],"_links":{"self":[{"href":"https:\/\/www.yungayino.cl\/noticias\/index.php?rest_route=\/wp\/v2\/posts\/11142","targetHints":{"allow":["GET"]}}],"collection":[{"href":"https:\/\/www.yungayino.cl\/noticias\/index.php?rest_route=\/wp\/v2\/posts"}],"about":[{"href":"https:\/\/www.yungayino.cl\/noticias\/index.php?rest_route=\/wp\/v2\/types\/post"}],"author":[{"embeddable":true,"href":"https:\/\/www.yungayino.cl\/noticias\/index.php?rest_route=\/wp\/v2\/users\/2"}],"replies":[{"embeddable":true,"href":"https:\/\/www.yungayino.cl\/noticias\/index.php?rest_route=%2Fwp%2Fv2%2Fcomments&post=11142"}],"version-history":[{"count":1,"href":"https:\/\/www.yungayino.cl\/noticias\/index.php?rest_route=\/wp\/v2\/posts\/11142\/revisions"}],"predecessor-version":[{"id":11144,"href":"https:\/\/www.yungayino.cl\/noticias\/index.php?rest_route=\/wp\/v2\/posts\/11142\/revisions\/11144"}],"wp:featuredmedia":[{"embeddable":true,"href":"https:\/\/www.yungayino.cl\/noticias\/index.php?rest_route=\/wp\/v2\/media\/11143"}],"wp:attachment":[{"href":"https:\/\/www.yungayino.cl\/noticias\/index.php?rest_route=%2Fwp%2Fv2%2Fmedia&parent=11142"}],"wp:term":[{"taxonomy":"category","embeddable":true,"href":"https:\/\/www.yungayino.cl\/noticias\/index.php?rest_route=%2Fwp%2Fv2%2Fcategories&post=11142"},{"taxonomy":"post_tag","embeddable":true,"href":"https:\/\/www.yungayino.cl\/noticias\/index.php?rest_route=%2Fwp%2Fv2%2Ftags&post=11142"}],"curies":[{"name":"wp","href":"https:\/\/api.w.org\/{rel}","templated":true}]}}