{"id":11168,"date":"2014-06-23T11:00:25","date_gmt":"2014-06-23T15:00:25","guid":{"rendered":"http:\/\/www.yungayino.cl\/noticias\/?p=11168"},"modified":"2014-06-23T15:33:23","modified_gmt":"2014-06-23T19:33:23","slug":"con-mateada-y-cantores-populares-se-celebro-noche-de-san-juan-en-biblioteca-publica-de-yungay","status":"publish","type":"post","link":"https:\/\/www.yungayino.cl\/noticias\/?p=11168","title":{"rendered":"Con Mateada y Cantores Populares se Celebr\u00f3 Noche de San Juan en Biblioteca P\u00fablica de Yungay"},"content":{"rendered":"<p><a href=\"http:\/\/www.yungayino.cl\/noticias\/wp-content\/uploads\/2014\/06\/bibliotecasanjuan2014.jpg\"><img loading=\"lazy\" decoding=\"async\" class=\"alignnone size-full wp-image-11169\" src=\"http:\/\/www.yungayino.cl\/noticias\/wp-content\/uploads\/2014\/06\/bibliotecasanjuan2014.jpg\" alt=\"bibliotecasanjuan2014\" width=\"500\" height=\"300\" srcset=\"https:\/\/www.yungayino.cl\/noticias\/wp-content\/uploads\/2014\/06\/bibliotecasanjuan2014.jpg 500w, https:\/\/www.yungayino.cl\/noticias\/wp-content\/uploads\/2014\/06\/bibliotecasanjuan2014-300x180.jpg 300w, https:\/\/www.yungayino.cl\/noticias\/wp-content\/uploads\/2014\/06\/bibliotecasanjuan2014-250x150.jpg 250w\" sizes=\"auto, (max-width: 500px) 100vw, 500px\" \/><\/a><\/p>\n<p style=\"text-align: justify;\">Yungay, en la Biblioteca P\u00fablica Oreste Montero y con la colaboraci\u00f3n de la Ilustre Municipalidad\u00a0a trav\u00e9s de la Oficina de Turismo se celebr\u00f3 la Fiesta de la <strong>\u201cNoche de San Juan\u201d,<\/strong> este domingo 22 de junio. La actividad tuvo una muy buena asistencia y donde el p\u00fablico pudo disfrutar y compartir la bebida tradicional caliente del mate acompa\u00f1ado de dulces y sopaipillas. La jornada cont\u00f3 con la participaci\u00f3n del Grupo Cantares de Yungay, payadores locales y cantores populares, quienes deleitaron con su m\u00fasica folcl\u00f3rica e hicieron bailar a los presentes. Tambi\u00e9n se narraron historias populares, refranes, payas, adivinanzas, chistes, adem\u00e1s se expusieron y explicaron los ritos y mitos que marcan esta noche como lo son, \u201dLa Fuente de Agua\u201d, \u201dEl futuro con las tres papas\u201d, \u201d Esperma en recipiente de agua\u201d, \u201cPlato con agua y dos agujas\u201d, entre las m\u00e1s conocidas, adem\u00e1s de la exhibici\u00f3n de video con historias y experiencias de nuestros adultos mayores. Finalmente destacar que se cumpli\u00f3 con el objetivo que era rescatar y mantener vivo el sentido patrimonial y cultural de esta tradicional celebraci\u00f3n.<\/p>\n<p style=\"text-align: justify;\"><a href=\"https:\/\/www.facebook.com\/media\/set\/?set=a.875741099107597.1073742200.159561284058919&amp;type=3&amp;uploaded=59\">Fotograf\u00edas<\/a><\/p>\n","protected":false},"excerpt":{"rendered":"<p>Yungay, en la Biblioteca P\u00fablica Oreste Montero y con la colaboraci\u00f3n de la Ilustre Municipalidad\u00a0a trav\u00e9s de la Oficina de Turismo se celebr\u00f3 la Fiesta de la \u201cNoche de San Juan\u201d, este domingo 22&#46;&#46;&#46;<\/p>\n","protected":false},"author":2,"featured_media":11169,"comment_status":"open","ping_status":"open","sticky":false,"template":"","format":"standard","meta":{"footnotes":""},"categories":[1],"tags":[583,699,1115,8,6],"class_list":["post-11168","post","type-post","status-publish","format-standard","has-post-thumbnail","hentry","category-noticias","tag-biblioteca","tag-noche-de-san-juan","tag-noticias","tag-yungay","tag-yungayino"],"_links":{"self":[{"href":"https:\/\/www.yungayino.cl\/noticias\/index.php?rest_route=\/wp\/v2\/posts\/11168","targetHints":{"allow":["GET"]}}],"collection":[{"href":"https:\/\/www.yungayino.cl\/noticias\/index.php?rest_route=\/wp\/v2\/posts"}],"about":[{"href":"https:\/\/www.yungayino.cl\/noticias\/index.php?rest_route=\/wp\/v2\/types\/post"}],"author":[{"embeddable":true,"href":"https:\/\/www.yungayino.cl\/noticias\/index.php?rest_route=\/wp\/v2\/users\/2"}],"replies":[{"embeddable":true,"href":"https:\/\/www.yungayino.cl\/noticias\/index.php?rest_route=%2Fwp%2Fv2%2Fcomments&post=11168"}],"version-history":[{"count":2,"href":"https:\/\/www.yungayino.cl\/noticias\/index.php?rest_route=\/wp\/v2\/posts\/11168\/revisions"}],"predecessor-version":[{"id":11171,"href":"https:\/\/www.yungayino.cl\/noticias\/index.php?rest_route=\/wp\/v2\/posts\/11168\/revisions\/11171"}],"wp:featuredmedia":[{"embeddable":true,"href":"https:\/\/www.yungayino.cl\/noticias\/index.php?rest_route=\/wp\/v2\/media\/11169"}],"wp:attachment":[{"href":"https:\/\/www.yungayino.cl\/noticias\/index.php?rest_route=%2Fwp%2Fv2%2Fmedia&parent=11168"}],"wp:term":[{"taxonomy":"category","embeddable":true,"href":"https:\/\/www.yungayino.cl\/noticias\/index.php?rest_route=%2Fwp%2Fv2%2Fcategories&post=11168"},{"taxonomy":"post_tag","embeddable":true,"href":"https:\/\/www.yungayino.cl\/noticias\/index.php?rest_route=%2Fwp%2Fv2%2Ftags&post=11168"}],"curies":[{"name":"wp","href":"https:\/\/api.w.org\/{rel}","templated":true}]}}