{"id":11184,"date":"2014-06-26T12:30:30","date_gmt":"2014-06-26T16:30:30","guid":{"rendered":"http:\/\/www.yungayino.cl\/noticias\/?p=11184"},"modified":"2014-06-26T12:54:36","modified_gmt":"2014-06-26T16:54:36","slug":"prodesales-de-las-7-comunas-del-territorio-laja-diguillin-se-capacitan-en-comercio-justo","status":"publish","type":"post","link":"https:\/\/www.yungayino.cl\/noticias\/?p=11184","title":{"rendered":"Prodesales de las 7 comunas del Territorio Laja Diguill\u00edn se Capacitan en Comercio Justo"},"content":{"rendered":"<p><a href=\"http:\/\/www.yungayino.cl\/noticias\/wp-content\/uploads\/2014\/06\/indap20140625.jpg\"><img loading=\"lazy\" decoding=\"async\" class=\"alignnone size-full wp-image-11185\" src=\"http:\/\/www.yungayino.cl\/noticias\/wp-content\/uploads\/2014\/06\/indap20140625.jpg\" alt=\"indap20140625\" width=\"500\" height=\"300\" srcset=\"https:\/\/www.yungayino.cl\/noticias\/wp-content\/uploads\/2014\/06\/indap20140625.jpg 500w, https:\/\/www.yungayino.cl\/noticias\/wp-content\/uploads\/2014\/06\/indap20140625-300x180.jpg 300w, https:\/\/www.yungayino.cl\/noticias\/wp-content\/uploads\/2014\/06\/indap20140625-250x150.jpg 250w\" sizes=\"auto, (max-width: 500px) 100vw, 500px\" \/><\/a><\/p>\n<p style=\"text-align: justify;\">Yungay, en el Teatro Municipal de Chill\u00e1n Viejo se llev\u00f3 a cabo la primera reuni\u00f3n de trabajo entre la empresa Fairtrasa y representantes de los Prodesal de las 7 comunas que componen el territorio Laja Diguill\u00edn (Chill\u00e1n Viejo, San Ignacio, Pemuco, Bulnes, <strong>Yungay<\/strong>, El Carmen y Pinto), con el objetivo de dar a conocer en que consiste y como se realizar\u00e1 el trabajo en conjunto que permitir\u00e1 beneficiar a los peque\u00f1os agricultores del territorio. En la ocasi\u00f3n se explic\u00f3 que el principal objetivo es disminuir los intermediarios y abrir el mercado de exportaci\u00f3n para los agricultores que poseen una o menos hect\u00e1reas de sembrado. Esto, traer\u00e1 consigo el mejorar las condiciones econ\u00f3micas y vender los productos a un precio justo, como reza el lema de la firma Fairtrasa. \u00abEste es el primer acercamiento de una asociaci\u00f3n estrat\u00e9gica del Territorio Laja Diguill\u00edn con una empresa de nivel internacional que tiene la certificaci\u00f3n de comercio justo, esto quiere decir que con esta reuni\u00f3n con los Prodesales vamos acerc\u00e1ndonos a todos los peque\u00f1os agricultores del territorio y empezar a trabajar en conjunto con ellos en distintas producciones agr\u00edcolas, ejemplo Berries, con el objetivo de poner estos productos en el mercado extranjero con la certificaci\u00f3n de producto justo. Todo esto permitir\u00e1 a los peque\u00f1os agricultores mantener un precio est\u00e1ndar y que la econom\u00eda personal de ellos como familia no se vea afectada en los meses que deben invertir m\u00e1s\u00bb, explic\u00f3 Sebasti\u00e1n Godoy, gerente de la asociaci\u00f3n Laja Diguill\u00edn.<\/p>\n<p style=\"text-align: justify;\">Felipe Aylwin, alcalde de Chill\u00e1n Viejo, valor\u00f3 la iniciativa ya que asegur\u00f3 que \u00abcon esto cortamos los intermediarios que son buitres que acaban con los peque\u00f1os agricultores, estos intermediarios no producen nada y ganan 5 veces lo que ganan los agricultores que son los que producen. Todo lo que sea mejorar la calidad de vida de las personas, es bienvenido\u00bb, subray\u00f3.<\/p>\n<p style=\"text-align: justify;\">Similar opini\u00f3n comparte el edil de San Ignacio, Wilson Olivares. \u201cLo que estamos haciendo con este convenio es mejorar las condiciones de nuestros peque\u00f1os agricultores que muchas veces se ven en la obligaci\u00f3n de vender a precios bajos para no perder su cosecha. Hoy junto a Fairtrasa, esperamos terminar con estos intermediarios, que nuestros agricultores obtengan m\u00e1s ganancias y exporten sus productos a mercados como Am\u00e9rica del Norte, Europa y Asia\u201d, precis\u00f3. Valeria Figueroa, jefa del departamento de Desarrollo Local de Bulnes precis\u00f3 que \u00abesto es muy interesante al ser considerado por el territorio Laja Diguill\u00edn. Debemos seguir conociendo m\u00e1s de esto y traspasarlo a nuestros usuarios con el objetivo de apoyarlos en forma conjunta y el comercio justo ser\u00e1 una importante ayuda para ellos\u00bb, manifest\u00f3.<\/p>\n<p style=\"text-align: justify;\">Finalmente, el representante de la empresa Fairtrasa, Carlos Matamala, coment\u00f3 que en esta primera reuni\u00f3n \u00abbuscamos difundir los principales aspectos del comercio justo y a la vez cerrar el debate con algunas tareas que le dimos a los equipos t\u00e9cnicos con el fin de agilizar este convenio. Nuestro objetivo es terminar con los intermediarios, abocarnos a uno y lograr un comercio justo para todos\u00bb, dijo. La meta es lograr exportar productos por agricultores de la zona, en un plazo de 2 a 3 a\u00f1os.<\/p>\n","protected":false},"excerpt":{"rendered":"<p>Yungay, en el Teatro Municipal de Chill\u00e1n Viejo se llev\u00f3 a cabo la primera reuni\u00f3n de trabajo entre la empresa Fairtrasa y representantes de los Prodesal de las 7 comunas que componen el territorio&#46;&#46;&#46;<\/p>\n","protected":false},"author":2,"featured_media":11185,"comment_status":"open","ping_status":"open","sticky":false,"template":"","format":"standard","meta":{"footnotes":""},"categories":[1],"tags":[140,1115,532,8,6],"class_list":["post-11184","post","type-post","status-publish","format-standard","has-post-thumbnail","hentry","category-noticias","tag-indap","tag-noticias","tag-prodesal","tag-yungay","tag-yungayino"],"_links":{"self":[{"href":"https:\/\/www.yungayino.cl\/noticias\/index.php?rest_route=\/wp\/v2\/posts\/11184","targetHints":{"allow":["GET"]}}],"collection":[{"href":"https:\/\/www.yungayino.cl\/noticias\/index.php?rest_route=\/wp\/v2\/posts"}],"about":[{"href":"https:\/\/www.yungayino.cl\/noticias\/index.php?rest_route=\/wp\/v2\/types\/post"}],"author":[{"embeddable":true,"href":"https:\/\/www.yungayino.cl\/noticias\/index.php?rest_route=\/wp\/v2\/users\/2"}],"replies":[{"embeddable":true,"href":"https:\/\/www.yungayino.cl\/noticias\/index.php?rest_route=%2Fwp%2Fv2%2Fcomments&post=11184"}],"version-history":[{"count":1,"href":"https:\/\/www.yungayino.cl\/noticias\/index.php?rest_route=\/wp\/v2\/posts\/11184\/revisions"}],"predecessor-version":[{"id":11186,"href":"https:\/\/www.yungayino.cl\/noticias\/index.php?rest_route=\/wp\/v2\/posts\/11184\/revisions\/11186"}],"wp:featuredmedia":[{"embeddable":true,"href":"https:\/\/www.yungayino.cl\/noticias\/index.php?rest_route=\/wp\/v2\/media\/11185"}],"wp:attachment":[{"href":"https:\/\/www.yungayino.cl\/noticias\/index.php?rest_route=%2Fwp%2Fv2%2Fmedia&parent=11184"}],"wp:term":[{"taxonomy":"category","embeddable":true,"href":"https:\/\/www.yungayino.cl\/noticias\/index.php?rest_route=%2Fwp%2Fv2%2Fcategories&post=11184"},{"taxonomy":"post_tag","embeddable":true,"href":"https:\/\/www.yungayino.cl\/noticias\/index.php?rest_route=%2Fwp%2Fv2%2Ftags&post=11184"}],"curies":[{"name":"wp","href":"https:\/\/api.w.org\/{rel}","templated":true}]}}