{"id":11190,"date":"2014-06-26T13:58:39","date_gmt":"2014-06-26T17:58:39","guid":{"rendered":"http:\/\/www.yungayino.cl\/noticias\/?p=11190"},"modified":"2014-06-26T13:58:39","modified_gmt":"2014-06-26T17:58:39","slug":"carabineros-de-la-cuarta-comisaria-de-yungay-detiene-a-una-persona-en-el-sector-el-cardal-por-el-delito-de-receptacion-de-2-motos","status":"publish","type":"post","link":"https:\/\/www.yungayino.cl\/noticias\/?p=11190","title":{"rendered":"Carabineros de la Cuarta Comisar\u00eda de Yungay Detiene a Una Persona en el Sector El Cardal por el Delito de Receptaci\u00f3n de 2 Motos"},"content":{"rendered":"<p><a href=\"http:\/\/www.yungayino.cl\/noticias\/wp-content\/uploads\/2014\/06\/motos_robadas_201406.jpg\"><img loading=\"lazy\" decoding=\"async\" class=\"alignnone size-full wp-image-11191\" src=\"http:\/\/www.yungayino.cl\/noticias\/wp-content\/uploads\/2014\/06\/motos_robadas_201406.jpg\" alt=\"motos_robadas_201406\" width=\"500\" height=\"300\" srcset=\"https:\/\/www.yungayino.cl\/noticias\/wp-content\/uploads\/2014\/06\/motos_robadas_201406.jpg 500w, https:\/\/www.yungayino.cl\/noticias\/wp-content\/uploads\/2014\/06\/motos_robadas_201406-300x180.jpg 300w, https:\/\/www.yungayino.cl\/noticias\/wp-content\/uploads\/2014\/06\/motos_robadas_201406-250x150.jpg 250w\" sizes=\"auto, (max-width: 500px) 100vw, 500px\" \/><\/a><\/p>\n<p style=\"text-align: justify;\">Yungay, jueves 26 de junio Carabineros de la Cuarta Comisar\u00eda de Yungay con el apoyo del Personal de la SIP, detuvo hoy a una persona en el Sector El Cardal de nuestra comuna, por estar involucrados en el robo y receptaci\u00f3n de una motocicleta de competici\u00f3n y una cuadrimoto. Cabe se\u00f1alar que la investigaci\u00f3n de este delito se estaba realizando producto de dos denuncias realizadas por los robos anteriormente mencionados, las que por orden del Ministerio Publico, Carabineros de la SIP procedi\u00f3 con la investigaci\u00f3n dando buenos resultados. Finalmente destacar que la persona paso a control de detenci\u00f3n al Juzgado de Garant\u00eda de Yungay.<\/p>\n<p style=\"text-align: justify;\"><a href=\"https:\/\/www.facebook.com\/media\/set\/?set=a.877444118937295.1073742202.159561284058919&amp;type=3&amp;uploaded=5%20\">Fotograf\u00edas<\/a><\/p>\n","protected":false},"excerpt":{"rendered":"<p>Yungay, jueves 26 de junio Carabineros de la Cuarta Comisar\u00eda de Yungay con el apoyo del Personal de la SIP, detuvo hoy a una persona en el Sector El Cardal de nuestra comuna, por&#46;&#46;&#46;<\/p>\n","protected":false},"author":2,"featured_media":11191,"comment_status":"open","ping_status":"open","sticky":false,"template":"","format":"standard","meta":{"footnotes":""},"categories":[1],"tags":[25,1115,8,6],"class_list":["post-11190","post","type-post","status-publish","format-standard","has-post-thumbnail","hentry","category-noticias","tag-carabineros","tag-noticias","tag-yungay","tag-yungayino"],"_links":{"self":[{"href":"https:\/\/www.yungayino.cl\/noticias\/index.php?rest_route=\/wp\/v2\/posts\/11190","targetHints":{"allow":["GET"]}}],"collection":[{"href":"https:\/\/www.yungayino.cl\/noticias\/index.php?rest_route=\/wp\/v2\/posts"}],"about":[{"href":"https:\/\/www.yungayino.cl\/noticias\/index.php?rest_route=\/wp\/v2\/types\/post"}],"author":[{"embeddable":true,"href":"https:\/\/www.yungayino.cl\/noticias\/index.php?rest_route=\/wp\/v2\/users\/2"}],"replies":[{"embeddable":true,"href":"https:\/\/www.yungayino.cl\/noticias\/index.php?rest_route=%2Fwp%2Fv2%2Fcomments&post=11190"}],"version-history":[{"count":1,"href":"https:\/\/www.yungayino.cl\/noticias\/index.php?rest_route=\/wp\/v2\/posts\/11190\/revisions"}],"predecessor-version":[{"id":11192,"href":"https:\/\/www.yungayino.cl\/noticias\/index.php?rest_route=\/wp\/v2\/posts\/11190\/revisions\/11192"}],"wp:featuredmedia":[{"embeddable":true,"href":"https:\/\/www.yungayino.cl\/noticias\/index.php?rest_route=\/wp\/v2\/media\/11191"}],"wp:attachment":[{"href":"https:\/\/www.yungayino.cl\/noticias\/index.php?rest_route=%2Fwp%2Fv2%2Fmedia&parent=11190"}],"wp:term":[{"taxonomy":"category","embeddable":true,"href":"https:\/\/www.yungayino.cl\/noticias\/index.php?rest_route=%2Fwp%2Fv2%2Fcategories&post=11190"},{"taxonomy":"post_tag","embeddable":true,"href":"https:\/\/www.yungayino.cl\/noticias\/index.php?rest_route=%2Fwp%2Fv2%2Ftags&post=11190"}],"curies":[{"name":"wp","href":"https:\/\/api.w.org\/{rel}","templated":true}]}}