{"id":11210,"date":"2014-07-03T13:00:48","date_gmt":"2014-07-03T17:00:48","guid":{"rendered":"http:\/\/www.yungayino.cl\/noticias\/?p=11210"},"modified":"2014-07-03T14:03:38","modified_gmt":"2014-07-03T18:03:38","slug":"campana-vacaciones-de-invierno-seguras-es-realizada-por-carabineros","status":"publish","type":"post","link":"https:\/\/www.yungayino.cl\/noticias\/?p=11210","title":{"rendered":"Campa\u00f1a Vacaciones de Invierno Seguras es Realizada por Carabineros"},"content":{"rendered":"<p><a href=\"http:\/\/www.yungayino.cl\/noticias\/wp-content\/uploads\/2014\/07\/carabinerosvacaiones2014.jpg\"><img loading=\"lazy\" decoding=\"async\" class=\"alignnone size-full wp-image-11214\" src=\"http:\/\/www.yungayino.cl\/noticias\/wp-content\/uploads\/2014\/07\/carabinerosvacaiones2014.jpg\" alt=\"carabinerosvacaiones2014\" width=\"800\" height=\"583\" srcset=\"https:\/\/www.yungayino.cl\/noticias\/wp-content\/uploads\/2014\/07\/carabinerosvacaiones2014.jpg 800w, https:\/\/www.yungayino.cl\/noticias\/wp-content\/uploads\/2014\/07\/carabinerosvacaiones2014-300x218.jpg 300w, https:\/\/www.yungayino.cl\/noticias\/wp-content\/uploads\/2014\/07\/carabinerosvacaiones2014-205x150.jpg 205w\" sizes=\"auto, (max-width: 800px) 100vw, 800px\" \/><\/a><\/p>\n<p style=\"text-align: justify;\">Yungay, Carabineros inicia Campa\u00f1a con motivo de las proximas vacaciones de invierno, es por ello que realiza algunas recomendaciones para que todos tengamos en consideraci\u00f3n. Mantener precauci\u00f3n en las v\u00edas de tr\u00e1nsito, el estado del veh\u00edculo, uso de cintur\u00f3n de seguridad, resguardo en las casas, entre otras. Adem\u00e1s evita riesgos innecesarios y adopta siempre medidas de seguridad, as\u00ed lo manifest\u00f3 el Suboficial Juan Carlos Espinoza, de la Cuarta Comisar\u00eda de Yungay.<\/p>\n","protected":false},"excerpt":{"rendered":"<p>Yungay, Carabineros inicia Campa\u00f1a con motivo de las proximas vacaciones de invierno, es por ello que realiza algunas recomendaciones para que todos tengamos en consideraci\u00f3n. Mantener precauci\u00f3n en las v\u00edas de tr\u00e1nsito, el estado&#46;&#46;&#46;<\/p>\n","protected":false},"author":2,"featured_media":11214,"comment_status":"open","ping_status":"open","sticky":false,"template":"","format":"standard","meta":{"footnotes":""},"categories":[3,1],"tags":[25,1115,8,6],"class_list":["post-11210","post","type-post","status-publish","format-standard","has-post-thumbnail","hentry","category-actualidad","category-noticias","tag-carabineros","tag-noticias","tag-yungay","tag-yungayino"],"_links":{"self":[{"href":"https:\/\/www.yungayino.cl\/noticias\/index.php?rest_route=\/wp\/v2\/posts\/11210","targetHints":{"allow":["GET"]}}],"collection":[{"href":"https:\/\/www.yungayino.cl\/noticias\/index.php?rest_route=\/wp\/v2\/posts"}],"about":[{"href":"https:\/\/www.yungayino.cl\/noticias\/index.php?rest_route=\/wp\/v2\/types\/post"}],"author":[{"embeddable":true,"href":"https:\/\/www.yungayino.cl\/noticias\/index.php?rest_route=\/wp\/v2\/users\/2"}],"replies":[{"embeddable":true,"href":"https:\/\/www.yungayino.cl\/noticias\/index.php?rest_route=%2Fwp%2Fv2%2Fcomments&post=11210"}],"version-history":[{"count":4,"href":"https:\/\/www.yungayino.cl\/noticias\/index.php?rest_route=\/wp\/v2\/posts\/11210\/revisions"}],"predecessor-version":[{"id":11216,"href":"https:\/\/www.yungayino.cl\/noticias\/index.php?rest_route=\/wp\/v2\/posts\/11210\/revisions\/11216"}],"wp:featuredmedia":[{"embeddable":true,"href":"https:\/\/www.yungayino.cl\/noticias\/index.php?rest_route=\/wp\/v2\/media\/11214"}],"wp:attachment":[{"href":"https:\/\/www.yungayino.cl\/noticias\/index.php?rest_route=%2Fwp%2Fv2%2Fmedia&parent=11210"}],"wp:term":[{"taxonomy":"category","embeddable":true,"href":"https:\/\/www.yungayino.cl\/noticias\/index.php?rest_route=%2Fwp%2Fv2%2Fcategories&post=11210"},{"taxonomy":"post_tag","embeddable":true,"href":"https:\/\/www.yungayino.cl\/noticias\/index.php?rest_route=%2Fwp%2Fv2%2Ftags&post=11210"}],"curies":[{"name":"wp","href":"https:\/\/api.w.org\/{rel}","templated":true}]}}