{"id":11250,"date":"2014-07-11T10:00:51","date_gmt":"2014-07-11T14:00:51","guid":{"rendered":"http:\/\/www.yungayino.cl\/noticias\/?p=11250"},"modified":"2014-07-11T12:23:44","modified_gmt":"2014-07-11T16:23:44","slug":"incendio-destruyo-panaderia-multipan-en-yungay","status":"publish","type":"post","link":"https:\/\/www.yungayino.cl\/noticias\/?p=11250","title":{"rendered":"Incendio Destruyo Panader\u00eda \u201cMultipan\u201d en Yungay"},"content":{"rendered":"<p><a href=\"http:\/\/www.yungayino.cl\/noticias\/wp-content\/uploads\/2014\/07\/panaderiamultipan.jpg\"><img loading=\"lazy\" decoding=\"async\" class=\"alignnone size-full wp-image-11251\" src=\"http:\/\/www.yungayino.cl\/noticias\/wp-content\/uploads\/2014\/07\/panaderiamultipan.jpg\" alt=\"panaderiamultipan\" width=\"500\" height=\"200\" srcset=\"https:\/\/www.yungayino.cl\/noticias\/wp-content\/uploads\/2014\/07\/panaderiamultipan.jpg 500w, https:\/\/www.yungayino.cl\/noticias\/wp-content\/uploads\/2014\/07\/panaderiamultipan-300x120.jpg 300w, https:\/\/www.yungayino.cl\/noticias\/wp-content\/uploads\/2014\/07\/panaderiamultipan-375x150.jpg 375w\" sizes=\"auto, (max-width: 500px) 100vw, 500px\" \/><\/a><\/p>\n<p style=\"text-align: justify;\">Yungay, da\u00f1os de consideraci\u00f3n en toda el \u00e1rea de producci\u00f3n dej\u00f3 un incendio estructural declarado a las 05:40 horas aproximadamente, esta madrugada del viernes en la conocida panader\u00eda <strong>\u201cMultipan\u201d<\/strong>, ubicada en calle Huamachuco 280 de Yungay. Las llamas consumieron la estructura y la maquinaria al interior de la construcci\u00f3n lo que se traduce en una p\u00e9rdida total para sus propietarios, quienes desconsolados miraban como el fuego arrasaba con el esfuerzo de una familia que por a\u00f1os ha formado parte de la industria panadera en nuestra ciudad y que adem\u00e1s da empleo a varias personas de la comuna. Seg\u00fan indico al Portal Yungayino.cl, Fernando Fuica, Comandante del Cuerpo de Bomberos de Yungay, la emergencia que afecto a este conocido local comercial tuvo que ser controlado por los voluntarios de las cuatro compa\u00f1\u00edas de Yungay, debido a los dificultoso que se torno en momentos y que tambi\u00e9n contaron con el apoyo de efectivos de Carabineros de la Cuarta Comisar\u00eda de Yungay. Finalmente se\u00f1alar que en primeras versiones se presume que las causas podr\u00edan haberse originado por un cortocircuito, sin embargo se esta a la espera que llegue al lugar personal especializado de carabineros de la Labocar de Chill\u00e1n, para realizar la pericias e investigar las causas reales que originaron este siniestro.<\/p>\n<p style=\"text-align: justify;\"><a href=\"https:\/\/www.facebook.com\/media\/set\/?set=a.886189068062800.1073742212.159561284058919&amp;type=3&amp;uploaded=15\">Fotograf\u00edas<\/a><\/p>\n","protected":false},"excerpt":{"rendered":"<p>Yungay, da\u00f1os de consideraci\u00f3n en toda el \u00e1rea de producci\u00f3n dej\u00f3 un incendio estructural declarado a las 05:40 horas aproximadamente, esta madrugada del viernes en la conocida panader\u00eda \u201cMultipan\u201d, ubicada en calle Huamachuco 280&#46;&#46;&#46;<\/p>\n","protected":false},"author":2,"featured_media":11251,"comment_status":"open","ping_status":"open","sticky":false,"template":"","format":"standard","meta":{"footnotes":""},"categories":[1],"tags":[26,1115,914,8,6],"class_list":["post-11250","post","type-post","status-publish","format-standard","has-post-thumbnail","hentry","category-noticias","tag-incendio","tag-noticias","tag-panaderia-multipan","tag-yungay","tag-yungayino"],"_links":{"self":[{"href":"https:\/\/www.yungayino.cl\/noticias\/index.php?rest_route=\/wp\/v2\/posts\/11250","targetHints":{"allow":["GET"]}}],"collection":[{"href":"https:\/\/www.yungayino.cl\/noticias\/index.php?rest_route=\/wp\/v2\/posts"}],"about":[{"href":"https:\/\/www.yungayino.cl\/noticias\/index.php?rest_route=\/wp\/v2\/types\/post"}],"author":[{"embeddable":true,"href":"https:\/\/www.yungayino.cl\/noticias\/index.php?rest_route=\/wp\/v2\/users\/2"}],"replies":[{"embeddable":true,"href":"https:\/\/www.yungayino.cl\/noticias\/index.php?rest_route=%2Fwp%2Fv2%2Fcomments&post=11250"}],"version-history":[{"count":3,"href":"https:\/\/www.yungayino.cl\/noticias\/index.php?rest_route=\/wp\/v2\/posts\/11250\/revisions"}],"predecessor-version":[{"id":11254,"href":"https:\/\/www.yungayino.cl\/noticias\/index.php?rest_route=\/wp\/v2\/posts\/11250\/revisions\/11254"}],"wp:featuredmedia":[{"embeddable":true,"href":"https:\/\/www.yungayino.cl\/noticias\/index.php?rest_route=\/wp\/v2\/media\/11251"}],"wp:attachment":[{"href":"https:\/\/www.yungayino.cl\/noticias\/index.php?rest_route=%2Fwp%2Fv2%2Fmedia&parent=11250"}],"wp:term":[{"taxonomy":"category","embeddable":true,"href":"https:\/\/www.yungayino.cl\/noticias\/index.php?rest_route=%2Fwp%2Fv2%2Fcategories&post=11250"},{"taxonomy":"post_tag","embeddable":true,"href":"https:\/\/www.yungayino.cl\/noticias\/index.php?rest_route=%2Fwp%2Fv2%2Ftags&post=11250"}],"curies":[{"name":"wp","href":"https:\/\/api.w.org\/{rel}","templated":true}]}}