{"id":11282,"date":"2014-07-22T10:00:41","date_gmt":"2014-07-22T14:00:41","guid":{"rendered":"http:\/\/www.yungayino.cl\/noticias\/?p=11282"},"modified":"2014-09-17T23:40:08","modified_gmt":"2014-09-18T03:40:08","slug":"alcaldes-de-yungay-y-las-condes-firman-convenio-de-alianza-estrategica","status":"publish","type":"post","link":"https:\/\/www.yungayino.cl\/noticias\/?p=11282","title":{"rendered":"Alcaldes de Yungay y  Las Condes  Firman Convenio de Alianza Estrat\u00e9gica"},"content":{"rendered":"<p><a href=\"http:\/\/www.yungayino.cl\/noticias\/wp-content\/uploads\/2014\/07\/yungay_lascondes.jpg\"><img loading=\"lazy\" decoding=\"async\" class=\"alignnone size-full wp-image-11283\" src=\"http:\/\/www.yungayino.cl\/noticias\/wp-content\/uploads\/2014\/07\/yungay_lascondes.jpg\" alt=\"yungay_lascondes\" width=\"500\" height=\"300\" srcset=\"https:\/\/www.yungayino.cl\/noticias\/wp-content\/uploads\/2014\/07\/yungay_lascondes.jpg 500w, https:\/\/www.yungayino.cl\/noticias\/wp-content\/uploads\/2014\/07\/yungay_lascondes-300x180.jpg 300w, https:\/\/www.yungayino.cl\/noticias\/wp-content\/uploads\/2014\/07\/yungay_lascondes-250x150.jpg 250w\" sizes=\"auto, (max-width: 500px) 100vw, 500px\" \/><\/a><\/p>\n<p style=\"text-align: justify;\">Yungay, el alcalde Pedro Inostroza Valenzuela y su par el alcalde de las Condes, Francisco de la Maza, firmaron en Santiago un convenio de colaboraci\u00f3n para fortalecer y apoyar las gestiones que ambas comunas desarrollan en las diversas \u00e1reas del quehacer p\u00fablico, como por ejemplo, capacitaci\u00f3n de los profesionales municipales, Desarrollar programas que mejoren la calidad de la Educaci\u00f3n y la Salud, Elaborar estrategias para aumentar el flujo tur\u00edstico hacia las comunas, Intercambiar experiencias en la intensificaci\u00f3n generalizada del deporte y recreaci\u00f3n entre otros. Para los efectos anteriores, ambas entidades se comprometen a disponer cometidos funcionarios, sea peri\u00f3dicamente o cuando las circunstancias lo ameriten, a profesionales pertenecientes a sus dotaciones, para que colaboren en materias propias de las funciones municipales antes indicadas. Finalmente el alcalde Pedro Inostroza Valenzuela sostuvo que\u00a0 \u201cla firma de este convenio es muy importante para la comuna y espera que en el futuro pueda seguir fortaleciendo otros convenios en beneficio de Yungay\u201d.<\/p>\n<p style=\"text-align: justify;\"><a href=\"https:\/\/www.facebook.com\/media\/set\/?set=a.892128797468827.1073742215.159561284058919&amp;type=3&amp;uploaded=3\">Fotograf\u00edas<\/a><\/p>\n","protected":false},"excerpt":{"rendered":"<p>Yungay, el alcalde Pedro Inostroza Valenzuela y su par el alcalde de las Condes, Francisco de la Maza, firmaron en Santiago un convenio de colaboraci\u00f3n para fortalecer y apoyar las gestiones que ambas comunas&#46;&#46;&#46;<\/p>\n","protected":false},"author":2,"featured_media":11283,"comment_status":"open","ping_status":"open","sticky":false,"template":"","format":"standard","meta":{"footnotes":""},"categories":[3,1],"tags":[916,356,1115,8,6],"class_list":["post-11282","post","type-post","status-publish","format-standard","has-post-thumbnail","hentry","category-actualidad","category-noticias","tag-las-condes","tag-municipalidad","tag-noticias","tag-yungay","tag-yungayino"],"_links":{"self":[{"href":"https:\/\/www.yungayino.cl\/noticias\/index.php?rest_route=\/wp\/v2\/posts\/11282","targetHints":{"allow":["GET"]}}],"collection":[{"href":"https:\/\/www.yungayino.cl\/noticias\/index.php?rest_route=\/wp\/v2\/posts"}],"about":[{"href":"https:\/\/www.yungayino.cl\/noticias\/index.php?rest_route=\/wp\/v2\/types\/post"}],"author":[{"embeddable":true,"href":"https:\/\/www.yungayino.cl\/noticias\/index.php?rest_route=\/wp\/v2\/users\/2"}],"replies":[{"embeddable":true,"href":"https:\/\/www.yungayino.cl\/noticias\/index.php?rest_route=%2Fwp%2Fv2%2Fcomments&post=11282"}],"version-history":[{"count":2,"href":"https:\/\/www.yungayino.cl\/noticias\/index.php?rest_route=\/wp\/v2\/posts\/11282\/revisions"}],"predecessor-version":[{"id":11285,"href":"https:\/\/www.yungayino.cl\/noticias\/index.php?rest_route=\/wp\/v2\/posts\/11282\/revisions\/11285"}],"wp:featuredmedia":[{"embeddable":true,"href":"https:\/\/www.yungayino.cl\/noticias\/index.php?rest_route=\/wp\/v2\/media\/11283"}],"wp:attachment":[{"href":"https:\/\/www.yungayino.cl\/noticias\/index.php?rest_route=%2Fwp%2Fv2%2Fmedia&parent=11282"}],"wp:term":[{"taxonomy":"category","embeddable":true,"href":"https:\/\/www.yungayino.cl\/noticias\/index.php?rest_route=%2Fwp%2Fv2%2Fcategories&post=11282"},{"taxonomy":"post_tag","embeddable":true,"href":"https:\/\/www.yungayino.cl\/noticias\/index.php?rest_route=%2Fwp%2Fv2%2Ftags&post=11282"}],"curies":[{"name":"wp","href":"https:\/\/api.w.org\/{rel}","templated":true}]}}