{"id":11302,"date":"2014-07-25T23:00:22","date_gmt":"2014-07-26T03:00:22","guid":{"rendered":"http:\/\/www.yungayino.cl\/noticias\/?p=11302"},"modified":"2014-08-28T23:37:07","modified_gmt":"2014-08-29T03:37:07","slug":"intendente-inaugura-carpeta-sintetica-de-la-cancha-municipal-no-2-de-la-comuna-de-yungay","status":"publish","type":"post","link":"https:\/\/www.yungayino.cl\/noticias\/?p=11302","title":{"rendered":"Intendente Inaugura Carpeta Sint\u00e9tica de la Cancha Municipal N\u00ba 2 de la Comuna de Yungay"},"content":{"rendered":"<p><a href=\"http:\/\/www.yungayino.cl\/noticias\/wp-content\/uploads\/2014\/07\/canchasinteticayungay.jpg\"><img loading=\"lazy\" decoding=\"async\" class=\"alignnone size-full wp-image-11303\" src=\"http:\/\/www.yungayino.cl\/noticias\/wp-content\/uploads\/2014\/07\/canchasinteticayungay.jpg\" alt=\"canchasinteticayungay\" width=\"500\" height=\"300\" srcset=\"https:\/\/www.yungayino.cl\/noticias\/wp-content\/uploads\/2014\/07\/canchasinteticayungay.jpg 500w, https:\/\/www.yungayino.cl\/noticias\/wp-content\/uploads\/2014\/07\/canchasinteticayungay-300x180.jpg 300w, https:\/\/www.yungayino.cl\/noticias\/wp-content\/uploads\/2014\/07\/canchasinteticayungay-250x150.jpg 250w\" sizes=\"auto, (max-width: 500px) 100vw, 500px\" \/><\/a><\/p>\n<p style=\"text-align: justify;\">Yungay, este jueves 24 de julio 2014 ser\u00e1 recordado por toda la comuna como el d\u00eda en que se inaugur\u00f3 la flamante Carpeta Sint\u00e9tica de la Cancha Municipal\u00a0 N\u00ba 2 de Yungay, donde fueron a\u00f1os los que esperaron los deportistas yungayinos, por esta importante infraestructura deportiva que tuvo una inversi\u00f3n del Gobierno Regional del Bio-Bio cercana a los 292 millones de pesos y donde el proyecto que contemplo una superficie de cancha empastada de 6120 m2, 90 metros cuadrados de camarines en alba\u00f1iler\u00eda, techumbre met\u00e1lica, cierre perimetral y cuatro torres de iluminaci\u00f3n. La ceremonia de inauguraci\u00f3n cont\u00f3 con la presencia del Intendente Rodrigo D\u00edaz Woner, la Gobernadora Lorena Vera, el Consejero Regional Juan L\u00f3pez, el Senador Felipe Harboe, Concejales y alcalde Pedro Inostroza Valenzuela, quienes procedieron a realizar el tradicional corte de cinta. Finalmente el Intendente manifest\u00f3 a los presentes que seguir\u00e1 trabajando por este tipo de proyecto que va en beneficio de toda la comunidad y reitero su apoyo a la solicitud hecha por el alcalde Pedro Inostroza, apoyar para que Yungay cuente con un nuevo Gimnasio para la comuna.<\/p>\n<p style=\"text-align: justify;\"><a href=\"https:\/\/www.facebook.com\/media\/set\/?set=a.894110573937316.1073742218.159561284058919&amp;type=3\">Fotograf\u00edas<\/a><\/p>\n","protected":false},"excerpt":{"rendered":"<p>Yungay, este jueves 24 de julio 2014 ser\u00e1 recordado por toda la comuna como el d\u00eda en que se inaugur\u00f3 la flamante Carpeta Sint\u00e9tica de la Cancha Municipal\u00a0 N\u00ba 2 de Yungay, donde fueron&#46;&#46;&#46;<\/p>\n","protected":false},"author":2,"featured_media":11303,"comment_status":"open","ping_status":"open","sticky":false,"template":"","format":"standard","meta":{"footnotes":""},"categories":[1],"tags":[918,379,1115,8,6],"class_list":["post-11302","post","type-post","status-publish","format-standard","has-post-thumbnail","hentry","category-noticias","tag-cancha-sintetica","tag-deportes","tag-noticias","tag-yungay","tag-yungayino"],"_links":{"self":[{"href":"https:\/\/www.yungayino.cl\/noticias\/index.php?rest_route=\/wp\/v2\/posts\/11302","targetHints":{"allow":["GET"]}}],"collection":[{"href":"https:\/\/www.yungayino.cl\/noticias\/index.php?rest_route=\/wp\/v2\/posts"}],"about":[{"href":"https:\/\/www.yungayino.cl\/noticias\/index.php?rest_route=\/wp\/v2\/types\/post"}],"author":[{"embeddable":true,"href":"https:\/\/www.yungayino.cl\/noticias\/index.php?rest_route=\/wp\/v2\/users\/2"}],"replies":[{"embeddable":true,"href":"https:\/\/www.yungayino.cl\/noticias\/index.php?rest_route=%2Fwp%2Fv2%2Fcomments&post=11302"}],"version-history":[{"count":2,"href":"https:\/\/www.yungayino.cl\/noticias\/index.php?rest_route=\/wp\/v2\/posts\/11302\/revisions"}],"predecessor-version":[{"id":11306,"href":"https:\/\/www.yungayino.cl\/noticias\/index.php?rest_route=\/wp\/v2\/posts\/11302\/revisions\/11306"}],"wp:featuredmedia":[{"embeddable":true,"href":"https:\/\/www.yungayino.cl\/noticias\/index.php?rest_route=\/wp\/v2\/media\/11303"}],"wp:attachment":[{"href":"https:\/\/www.yungayino.cl\/noticias\/index.php?rest_route=%2Fwp%2Fv2%2Fmedia&parent=11302"}],"wp:term":[{"taxonomy":"category","embeddable":true,"href":"https:\/\/www.yungayino.cl\/noticias\/index.php?rest_route=%2Fwp%2Fv2%2Fcategories&post=11302"},{"taxonomy":"post_tag","embeddable":true,"href":"https:\/\/www.yungayino.cl\/noticias\/index.php?rest_route=%2Fwp%2Fv2%2Ftags&post=11302"}],"curies":[{"name":"wp","href":"https:\/\/api.w.org\/{rel}","templated":true}]}}