{"id":11307,"date":"2014-07-26T19:00:09","date_gmt":"2014-07-26T23:00:09","guid":{"rendered":"http:\/\/www.yungayino.cl\/noticias\/?p=11307"},"modified":"2014-07-26T22:54:30","modified_gmt":"2014-07-27T02:54:30","slug":"con-la-copa-libertadores-presente-lizardo-garrido-inaugura-escuela-de-futbol-de-colo-colo-en-yungay","status":"publish","type":"post","link":"https:\/\/www.yungayino.cl\/noticias\/?p=11307","title":{"rendered":"Con la Copa Libertadores Presente, Lizardo Garrido Inaugura Escuela de F\u00fatbol de Colo-Colo en Yungay"},"content":{"rendered":"<p><a href=\"http:\/\/www.yungayino.cl\/noticias\/wp-content\/uploads\/2014\/07\/colocolo201407.jpg\"><img loading=\"lazy\" decoding=\"async\" class=\"alignnone size-full wp-image-11308\" src=\"http:\/\/www.yungayino.cl\/noticias\/wp-content\/uploads\/2014\/07\/colocolo201407.jpg\" alt=\"colocolo201407\" width=\"500\" height=\"300\" srcset=\"https:\/\/www.yungayino.cl\/noticias\/wp-content\/uploads\/2014\/07\/colocolo201407.jpg 500w, https:\/\/www.yungayino.cl\/noticias\/wp-content\/uploads\/2014\/07\/colocolo201407-300x180.jpg 300w, https:\/\/www.yungayino.cl\/noticias\/wp-content\/uploads\/2014\/07\/colocolo201407-250x150.jpg 250w\" sizes=\"auto, (max-width: 500px) 100vw, 500px\" \/><\/a><\/p>\n<p style=\"text-align: justify;\">Yungay, con la Copa Libertadores de 1991 y la presencia del ex seleccionado y jugador profesional, Lizardo \u201cChano\u201d Garrido, la Escuela Colo-Colo de Yungay, inaugur\u00f3 oficialmente sus funciones. La ceremonia que se realiz\u00f3 en la flamante Carpeta Sint\u00e9tica de la Cancha Municipal\u00a0 N\u00ba 2 de Yungay, cont\u00f3 con una alta asistencia de p\u00fablico. Tambi\u00e9n destacar que en la ocasi\u00f3n se convoc\u00f3 a un centenar de ni\u00f1os de 4 series distintas para participar en \u201cPruebas Masivas de Jugadores\u201d, bajo la atenta mirada del Staff de Colo-Colo liderados por el \u201cChano\u201d Garrido, qui\u00e9n manifest\u00f3 al Equipo del Portal Yungayino.cl, que la futuras promesa del Cacique no solo est\u00e1n en Santiago, sino que al contrario en las diferente regiones de nuestro pa\u00eds. Finalmente Lizardo Garrido, en su rol de encargado nacional de las escuelas de f\u00fatbol de la instituci\u00f3n alba, destac\u00f3 que seg\u00fan los informes que entreguen los profesores locales se llevar\u00e1n a probar al propio monumental, David Arellano. En este marco, el Director Local Carlos Olivares, agradeci\u00f3 el rol de los padres y apoderados que han confiado en esta instancia para que sus hijos aprendan de f\u00fatbol, tambi\u00e9n agradeci\u00f3 el apoyo dado por el Municipio Yungayino. Finalizada las pruebas de jugadores, Lizardo Garrido poso para las c\u00e1maras del Equipo del Portal para que los asientes y fan\u00e1ticos albos se tomaran fotograf\u00edas.<\/p>\n<p style=\"text-align: justify;\"><a href=\"https:\/\/www.facebook.com\/media\/set\/?set=a.894628147218892.1073742219.159561284058919&amp;type=3&amp;uploaded=193\">Fotograf\u00edas<\/a><\/p>\n","protected":false},"excerpt":{"rendered":"<p>Yungay, con la Copa Libertadores de 1991 y la presencia del ex seleccionado y jugador profesional, Lizardo \u201cChano\u201d Garrido, la Escuela Colo-Colo de Yungay, inaugur\u00f3 oficialmente sus funciones. La ceremonia que se realiz\u00f3 en&#46;&#46;&#46;<\/p>\n","protected":false},"author":2,"featured_media":11308,"comment_status":"open","ping_status":"open","sticky":false,"template":"","format":"standard","meta":{"footnotes":""},"categories":[17,1],"tags":[692,379,693,1115,8,6],"class_list":["post-11307","post","type-post","status-publish","format-standard","has-post-thumbnail","hentry","category-deporte","category-noticias","tag-colo-colo","tag-deportes","tag-escuela-de-futbol","tag-noticias","tag-yungay","tag-yungayino"],"_links":{"self":[{"href":"https:\/\/www.yungayino.cl\/noticias\/index.php?rest_route=\/wp\/v2\/posts\/11307","targetHints":{"allow":["GET"]}}],"collection":[{"href":"https:\/\/www.yungayino.cl\/noticias\/index.php?rest_route=\/wp\/v2\/posts"}],"about":[{"href":"https:\/\/www.yungayino.cl\/noticias\/index.php?rest_route=\/wp\/v2\/types\/post"}],"author":[{"embeddable":true,"href":"https:\/\/www.yungayino.cl\/noticias\/index.php?rest_route=\/wp\/v2\/users\/2"}],"replies":[{"embeddable":true,"href":"https:\/\/www.yungayino.cl\/noticias\/index.php?rest_route=%2Fwp%2Fv2%2Fcomments&post=11307"}],"version-history":[{"count":4,"href":"https:\/\/www.yungayino.cl\/noticias\/index.php?rest_route=\/wp\/v2\/posts\/11307\/revisions"}],"predecessor-version":[{"id":11312,"href":"https:\/\/www.yungayino.cl\/noticias\/index.php?rest_route=\/wp\/v2\/posts\/11307\/revisions\/11312"}],"wp:featuredmedia":[{"embeddable":true,"href":"https:\/\/www.yungayino.cl\/noticias\/index.php?rest_route=\/wp\/v2\/media\/11308"}],"wp:attachment":[{"href":"https:\/\/www.yungayino.cl\/noticias\/index.php?rest_route=%2Fwp%2Fv2%2Fmedia&parent=11307"}],"wp:term":[{"taxonomy":"category","embeddable":true,"href":"https:\/\/www.yungayino.cl\/noticias\/index.php?rest_route=%2Fwp%2Fv2%2Fcategories&post=11307"},{"taxonomy":"post_tag","embeddable":true,"href":"https:\/\/www.yungayino.cl\/noticias\/index.php?rest_route=%2Fwp%2Fv2%2Ftags&post=11307"}],"curies":[{"name":"wp","href":"https:\/\/api.w.org\/{rel}","templated":true}]}}