{"id":11328,"date":"2014-07-29T15:00:51","date_gmt":"2014-07-29T19:00:51","guid":{"rendered":"http:\/\/www.yungayino.cl\/noticias\/?p=11328"},"modified":"2014-07-29T16:12:26","modified_gmt":"2014-07-29T20:12:26","slug":"en-pemuco-se-realizara-la-fiesta-del-chancho-2014","status":"publish","type":"post","link":"https:\/\/www.yungayino.cl\/noticias\/?p=11328","title":{"rendered":"En Pemuco se Realizar\u00e1 la \u201cFiesta del Chancho 2014\u201d"},"content":{"rendered":"<p><a href=\"http:\/\/www.yungayino.cl\/noticias\/wp-content\/uploads\/2014\/07\/fiestachancopemuco2014.jpg\"><img loading=\"lazy\" decoding=\"async\" class=\"alignnone size-full wp-image-11329\" src=\"http:\/\/www.yungayino.cl\/noticias\/wp-content\/uploads\/2014\/07\/fiestachancopemuco2014.jpg\" alt=\"fiestachancopemuco2014\" width=\"500\" height=\"700\" srcset=\"https:\/\/www.yungayino.cl\/noticias\/wp-content\/uploads\/2014\/07\/fiestachancopemuco2014.jpg 500w, https:\/\/www.yungayino.cl\/noticias\/wp-content\/uploads\/2014\/07\/fiestachancopemuco2014-214x300.jpg 214w, https:\/\/www.yungayino.cl\/noticias\/wp-content\/uploads\/2014\/07\/fiestachancopemuco2014-107x150.jpg 107w\" sizes=\"auto, (max-width: 500px) 100vw, 500px\" \/><\/a><\/p>\n<p>Invita a todos a disfrutar de un entretenido fin de semana con la primera versi\u00f3n de la \u201cFiesta del Chancho Pemuco 2014\u201d, que se realizar\u00e1 en uno de los lugares m\u00e1s tradicionales de Pemuco, el Complejo Deportivo, donde se emplaza la Media Luna. La fiesta apunta a rescatar las tradiciones de la vida en el campo y ofrecer a la comunidad y visitantes una entretenida tarde familiar. Cabe destacar que las actividades comenzaran el s\u00e1bado 02 y finalizaran el domingo 03 de agosto y que la entrada es liberada. En el casino del lugar se dispondr\u00e1 de cociner\u00eda, donde las propias pemucanas se encargar\u00e1n de deleitar paladares con distintas preparaciones del chancho, al palo, al horno, costillar, pernil, cazuela, longaniza, entre otros. La m\u00fasica popular, tropical y ranchera sonar\u00e1 durante todo el d\u00eda para amenizar el ambiente y en la feria artesanal se vender\u00e1n productos t\u00edpicos y agr\u00edcolas.<\/p>\n<p><strong>S\u00e1bado 2 de Agosto<\/strong><\/p>\n<p>12:00 horas: Inicio de la Fiesta del Chanco, con feria artesanal, Cociner\u00eda, Vi\u00f1a Santa Rita y Cerveza artesanal Toropaire.<\/p>\n<p>16:00 horas: Inauguraci\u00f3n Oficial.<\/p>\n<p>17:00 horas: M\u00fasica Popular con Juana Gonz\u00e1les.<\/p>\n<p>20:00 horas: Folclor con \u00c1ngel Urbano.<\/p>\n<p>22:00 horas: M\u00fasica Ranchera con Los Charros Junior.<\/p>\n<p><strong>Domingo 3 de Agosto<\/strong><\/p>\n<p>13:00 horas: Inicio de la Fiesta del Chanco, con feria artesanal, Cociner\u00eda, Vi\u00f1a Santa Rita y Cerveza artesanal Toropaire.<\/p>\n<p>15:00 horas: Desfile Expo Tejidos.<\/p>\n<p>16:30 horas: Folclor con \u00c1ngel Urbano.<\/p>\n<p>18:00 horas: M\u00fasica Popular con Juana Gonz\u00e1les<\/p>\n","protected":false},"excerpt":{"rendered":"<p>Invita a todos a disfrutar de un entretenido fin de semana con la primera versi\u00f3n de la \u201cFiesta del Chancho Pemuco 2014\u201d, que se realizar\u00e1 en uno de los lugares m\u00e1s tradicionales de Pemuco,&#46;&#46;&#46;<\/p>\n","protected":false},"author":2,"featured_media":11329,"comment_status":"open","ping_status":"open","sticky":false,"template":"","format":"standard","meta":{"footnotes":""},"categories":[5,1],"tags":[920,1115,30,6],"class_list":["post-11328","post","type-post","status-publish","format-standard","has-post-thumbnail","hentry","category-eventos","category-noticias","tag-fiesta-del-chanco","tag-noticias","tag-pemuco","tag-yungayino"],"_links":{"self":[{"href":"https:\/\/www.yungayino.cl\/noticias\/index.php?rest_route=\/wp\/v2\/posts\/11328","targetHints":{"allow":["GET"]}}],"collection":[{"href":"https:\/\/www.yungayino.cl\/noticias\/index.php?rest_route=\/wp\/v2\/posts"}],"about":[{"href":"https:\/\/www.yungayino.cl\/noticias\/index.php?rest_route=\/wp\/v2\/types\/post"}],"author":[{"embeddable":true,"href":"https:\/\/www.yungayino.cl\/noticias\/index.php?rest_route=\/wp\/v2\/users\/2"}],"replies":[{"embeddable":true,"href":"https:\/\/www.yungayino.cl\/noticias\/index.php?rest_route=%2Fwp%2Fv2%2Fcomments&post=11328"}],"version-history":[{"count":2,"href":"https:\/\/www.yungayino.cl\/noticias\/index.php?rest_route=\/wp\/v2\/posts\/11328\/revisions"}],"predecessor-version":[{"id":11331,"href":"https:\/\/www.yungayino.cl\/noticias\/index.php?rest_route=\/wp\/v2\/posts\/11328\/revisions\/11331"}],"wp:featuredmedia":[{"embeddable":true,"href":"https:\/\/www.yungayino.cl\/noticias\/index.php?rest_route=\/wp\/v2\/media\/11329"}],"wp:attachment":[{"href":"https:\/\/www.yungayino.cl\/noticias\/index.php?rest_route=%2Fwp%2Fv2%2Fmedia&parent=11328"}],"wp:term":[{"taxonomy":"category","embeddable":true,"href":"https:\/\/www.yungayino.cl\/noticias\/index.php?rest_route=%2Fwp%2Fv2%2Fcategories&post=11328"},{"taxonomy":"post_tag","embeddable":true,"href":"https:\/\/www.yungayino.cl\/noticias\/index.php?rest_route=%2Fwp%2Fv2%2Ftags&post=11328"}],"curies":[{"name":"wp","href":"https:\/\/api.w.org\/{rel}","templated":true}]}}