{"id":11360,"date":"2014-08-05T21:00:42","date_gmt":"2014-08-06T01:00:42","guid":{"rendered":"http:\/\/www.yungayino.cl\/noticias\/?p=11360"},"modified":"2014-08-05T22:12:22","modified_gmt":"2014-08-06T02:12:22","slug":"biblioteca-de-yungay-invita-a-celebrar-el-dia-del-nino","status":"publish","type":"post","link":"https:\/\/www.yungayino.cl\/noticias\/?p=11360","title":{"rendered":"Biblioteca de Yungay Invita a Celebrar el \u201cD\u00eda del Ni\u00f1o\u201d"},"content":{"rendered":"<p><a href=\"http:\/\/www.yungayino.cl\/noticias\/wp-content\/uploads\/2014\/08\/dia-del-nino-biblioteca-2014.jpg\"><img loading=\"lazy\" decoding=\"async\" class=\"alignnone size-full wp-image-11361\" src=\"http:\/\/www.yungayino.cl\/noticias\/wp-content\/uploads\/2014\/08\/dia-del-nino-biblioteca-2014.jpg\" alt=\"dia del nino biblioteca 2014\" width=\"400\" height=\"300\" srcset=\"https:\/\/www.yungayino.cl\/noticias\/wp-content\/uploads\/2014\/08\/dia-del-nino-biblioteca-2014.jpg 400w, https:\/\/www.yungayino.cl\/noticias\/wp-content\/uploads\/2014\/08\/dia-del-nino-biblioteca-2014-300x225.jpg 300w, https:\/\/www.yungayino.cl\/noticias\/wp-content\/uploads\/2014\/08\/dia-del-nino-biblioteca-2014-200x150.jpg 200w\" sizes=\"auto, (max-width: 400px) 100vw, 400px\" \/><\/a><\/p>\n<p style=\"text-align: justify;\">Yungay, la Biblioteca de nuestra comuna invita a celebrar el d\u00eda del ni\u00f1o, est\u00e1n todos los peque\u00f1os invitados a asistir este viernes 08 de agosto desde las 16:00 horas con \u201cPintacaritas\u201d y a las 17:00 horas la pel\u00edcula infantil \u201cThe Croods\u201d. As\u00ed inform\u00f3 al Portal Paulina \u00c1vila Pinto, Jefa de la Biblioteca.<\/p>\n","protected":false},"excerpt":{"rendered":"<p>Yungay, la Biblioteca de nuestra comuna invita a celebrar el d\u00eda del ni\u00f1o, est\u00e1n todos los peque\u00f1os invitados a asistir este viernes 08 de agosto desde las 16:00 horas con \u201cPintacaritas\u201d y a las&#46;&#46;&#46;<\/p>\n","protected":false},"author":2,"featured_media":11361,"comment_status":"open","ping_status":"open","sticky":false,"template":"","format":"standard","meta":{"footnotes":""},"categories":[1],"tags":[923,1115,8,6],"class_list":["post-11360","post","type-post","status-publish","format-standard","has-post-thumbnail","hentry","category-noticias","tag-biblioteca-de-yungay","tag-noticias","tag-yungay","tag-yungayino"],"_links":{"self":[{"href":"https:\/\/www.yungayino.cl\/noticias\/index.php?rest_route=\/wp\/v2\/posts\/11360","targetHints":{"allow":["GET"]}}],"collection":[{"href":"https:\/\/www.yungayino.cl\/noticias\/index.php?rest_route=\/wp\/v2\/posts"}],"about":[{"href":"https:\/\/www.yungayino.cl\/noticias\/index.php?rest_route=\/wp\/v2\/types\/post"}],"author":[{"embeddable":true,"href":"https:\/\/www.yungayino.cl\/noticias\/index.php?rest_route=\/wp\/v2\/users\/2"}],"replies":[{"embeddable":true,"href":"https:\/\/www.yungayino.cl\/noticias\/index.php?rest_route=%2Fwp%2Fv2%2Fcomments&post=11360"}],"version-history":[{"count":1,"href":"https:\/\/www.yungayino.cl\/noticias\/index.php?rest_route=\/wp\/v2\/posts\/11360\/revisions"}],"predecessor-version":[{"id":11362,"href":"https:\/\/www.yungayino.cl\/noticias\/index.php?rest_route=\/wp\/v2\/posts\/11360\/revisions\/11362"}],"wp:featuredmedia":[{"embeddable":true,"href":"https:\/\/www.yungayino.cl\/noticias\/index.php?rest_route=\/wp\/v2\/media\/11361"}],"wp:attachment":[{"href":"https:\/\/www.yungayino.cl\/noticias\/index.php?rest_route=%2Fwp%2Fv2%2Fmedia&parent=11360"}],"wp:term":[{"taxonomy":"category","embeddable":true,"href":"https:\/\/www.yungayino.cl\/noticias\/index.php?rest_route=%2Fwp%2Fv2%2Fcategories&post=11360"},{"taxonomy":"post_tag","embeddable":true,"href":"https:\/\/www.yungayino.cl\/noticias\/index.php?rest_route=%2Fwp%2Fv2%2Ftags&post=11360"}],"curies":[{"name":"wp","href":"https:\/\/api.w.org\/{rel}","templated":true}]}}