{"id":11365,"date":"2014-08-06T12:00:25","date_gmt":"2014-08-06T16:00:25","guid":{"rendered":"http:\/\/www.yungayino.cl\/noticias\/?p=11365"},"modified":"2014-08-06T12:50:09","modified_gmt":"2014-08-06T16:50:09","slug":"municipalidad-de-yungay-invita-a-celebrar-el-dia-del-nino","status":"publish","type":"post","link":"https:\/\/www.yungayino.cl\/noticias\/?p=11365","title":{"rendered":"Municipalidad de Yungay Invita a Celebrar el D\u00eda del Ni\u00f1o"},"content":{"rendered":"<p><a href=\"http:\/\/www.yungayino.cl\/noticias\/wp-content\/uploads\/2014\/08\/dia-nino-campanario-2014.jpg\"><img loading=\"lazy\" decoding=\"async\" class=\"alignnone size-full wp-image-11366\" src=\"http:\/\/www.yungayino.cl\/noticias\/wp-content\/uploads\/2014\/08\/dia-nino-campanario-2014.jpg\" alt=\"dia nino campanario 2014\" width=\"500\" height=\"318\" srcset=\"https:\/\/www.yungayino.cl\/noticias\/wp-content\/uploads\/2014\/08\/dia-nino-campanario-2014.jpg 500w, https:\/\/www.yungayino.cl\/noticias\/wp-content\/uploads\/2014\/08\/dia-nino-campanario-2014-300x190.jpg 300w, https:\/\/www.yungayino.cl\/noticias\/wp-content\/uploads\/2014\/08\/dia-nino-campanario-2014-235x150.jpg 235w\" sizes=\"auto, (max-width: 500px) 100vw, 500px\" \/><\/a><\/p>\n<p><a href=\"http:\/\/www.yungayino.cl\/noticias\/wp-content\/uploads\/2014\/08\/dia-nino-yungay-2014.jpg\"><img loading=\"lazy\" decoding=\"async\" class=\"alignnone size-full wp-image-11367\" src=\"http:\/\/www.yungayino.cl\/noticias\/wp-content\/uploads\/2014\/08\/dia-nino-yungay-2014.jpg\" alt=\"dia nino yungay 2014\" width=\"500\" height=\"318\" srcset=\"https:\/\/www.yungayino.cl\/noticias\/wp-content\/uploads\/2014\/08\/dia-nino-yungay-2014.jpg 500w, https:\/\/www.yungayino.cl\/noticias\/wp-content\/uploads\/2014\/08\/dia-nino-yungay-2014-300x190.jpg 300w, https:\/\/www.yungayino.cl\/noticias\/wp-content\/uploads\/2014\/08\/dia-nino-yungay-2014-235x150.jpg 235w\" sizes=\"auto, (max-width: 500px) 100vw, 500px\" \/><\/a><\/p>\n<p>Yungay, la Ilustre Municipalidad de nuestra comuna invita a celebrar el \u00abD\u00eda del Ni\u00f1o\u00bb a todos los ni\u00f1os y ni\u00f1as de la comuna. El departameto de DIDECO a organizado actividades pensando en los m\u00e1s peque\u00f1itos de la casa. En Campanario este viernes 08 de agosto y en Yungay el d\u00eda s\u00e1bado 09 de agosto, en ambos lugares desde las 16:00 horas y en su respectivo salon multiuso. Habr\u00e1 show art\u00edstico, juegos inflables, sorpresas y m\u00e1s. \u00a1\u00a1\u00a1\u00a1 NO FALTES !!!!<\/p>\n","protected":false},"excerpt":{"rendered":"<p>Yungay, la Ilustre Municipalidad de nuestra comuna invita a celebrar el \u00abD\u00eda del Ni\u00f1o\u00bb a todos los ni\u00f1os y ni\u00f1as de la comuna. El departameto de DIDECO a organizado actividades pensando en los m\u00e1s&#46;&#46;&#46;<\/p>\n","protected":false},"author":2,"featured_media":11366,"comment_status":"open","ping_status":"open","sticky":false,"template":"","format":"standard","meta":{"footnotes":""},"categories":[5,1],"tags":[31,230,356,1115,8,6],"class_list":["post-11365","post","type-post","status-publish","format-standard","has-post-thumbnail","hentry","category-eventos","category-noticias","tag-campanario","tag-dia-del-nino","tag-municipalidad","tag-noticias","tag-yungay","tag-yungayino"],"_links":{"self":[{"href":"https:\/\/www.yungayino.cl\/noticias\/index.php?rest_route=\/wp\/v2\/posts\/11365","targetHints":{"allow":["GET"]}}],"collection":[{"href":"https:\/\/www.yungayino.cl\/noticias\/index.php?rest_route=\/wp\/v2\/posts"}],"about":[{"href":"https:\/\/www.yungayino.cl\/noticias\/index.php?rest_route=\/wp\/v2\/types\/post"}],"author":[{"embeddable":true,"href":"https:\/\/www.yungayino.cl\/noticias\/index.php?rest_route=\/wp\/v2\/users\/2"}],"replies":[{"embeddable":true,"href":"https:\/\/www.yungayino.cl\/noticias\/index.php?rest_route=%2Fwp%2Fv2%2Fcomments&post=11365"}],"version-history":[{"count":1,"href":"https:\/\/www.yungayino.cl\/noticias\/index.php?rest_route=\/wp\/v2\/posts\/11365\/revisions"}],"predecessor-version":[{"id":11368,"href":"https:\/\/www.yungayino.cl\/noticias\/index.php?rest_route=\/wp\/v2\/posts\/11365\/revisions\/11368"}],"wp:featuredmedia":[{"embeddable":true,"href":"https:\/\/www.yungayino.cl\/noticias\/index.php?rest_route=\/wp\/v2\/media\/11366"}],"wp:attachment":[{"href":"https:\/\/www.yungayino.cl\/noticias\/index.php?rest_route=%2Fwp%2Fv2%2Fmedia&parent=11365"}],"wp:term":[{"taxonomy":"category","embeddable":true,"href":"https:\/\/www.yungayino.cl\/noticias\/index.php?rest_route=%2Fwp%2Fv2%2Fcategories&post=11365"},{"taxonomy":"post_tag","embeddable":true,"href":"https:\/\/www.yungayino.cl\/noticias\/index.php?rest_route=%2Fwp%2Fv2%2Ftags&post=11365"}],"curies":[{"name":"wp","href":"https:\/\/api.w.org\/{rel}","templated":true}]}}