{"id":11369,"date":"2014-08-06T18:00:27","date_gmt":"2014-08-06T22:00:27","guid":{"rendered":"http:\/\/www.yungayino.cl\/noticias\/?p=11369"},"modified":"2014-08-10T22:16:36","modified_gmt":"2014-08-11T02:16:36","slug":"prodesal-2-hizo-entrega-de-7-mil-kilos-de-semillas-de-papas-cerificadas-a-50-usuarios-de-yungay","status":"publish","type":"post","link":"https:\/\/www.yungayino.cl\/noticias\/?p=11369","title":{"rendered":"Prodesal 2 Hizo Entrega de 7 Mil Kilos de Semillas de Papas Certificadas a 50 Usuarios de Yungay"},"content":{"rendered":"<p><a href=\"http:\/\/www.yungayino.cl\/noticias\/wp-content\/uploads\/2014\/08\/indap201408.jpg\"><img loading=\"lazy\" decoding=\"async\" class=\"alignnone size-full wp-image-11370\" src=\"http:\/\/www.yungayino.cl\/noticias\/wp-content\/uploads\/2014\/08\/indap201408.jpg\" alt=\"indap201408\" width=\"500\" height=\"300\" srcset=\"https:\/\/www.yungayino.cl\/noticias\/wp-content\/uploads\/2014\/08\/indap201408.jpg 500w, https:\/\/www.yungayino.cl\/noticias\/wp-content\/uploads\/2014\/08\/indap201408-300x180.jpg 300w, https:\/\/www.yungayino.cl\/noticias\/wp-content\/uploads\/2014\/08\/indap201408-250x150.jpg 250w\" sizes=\"auto, (max-width: 500px) 100vw, 500px\" \/><\/a><\/p>\n<p style=\"text-align: justify;\">Yungay, mi\u00e9rcoles 06 de agosto el <strong>Prodesal<\/strong> <strong>2<\/strong> hizo entrega de 7 mil kilos de semillas de papas certificadas de dos variedades, la <strong>\u201cYagana\u201d<\/strong> y <strong>\u201cPatagonia\u201d,<\/strong> ambas proveniente de la Regi\u00f3n de la Araucan\u00eda espec\u00edficamente de la comuna de Tolt\u00e9n a 50 usuarios de los sectores de Pangal del Laja, El Roble, Tres Esquinas, Los Nogales, El Cardal, Panquequillo, Los Mayos, Los Puquios, Santa Lucia Bajo, San Antonio, Tres Ranchos, Campanario, Rinconada de Itata, La Higuera y la Caba\u00f1a\u00a0de Yungay.<\/p>\n<p style=\"text-align: justify;\">Cabe se\u00f1alar que la semilla fue adquirida con recursos propios de los usuarios, sin embargo el Programa de Desarrollo Agr\u00edcola Local (PRODESAL) de Yungay liderados por los profesionales Roberto Cortes y Jaime de la Fuente, fueron quienes hicieron las gestiones de compra para apoyar a estos agricultores de la comuna y que esperan que les traer\u00e1 enormes ventajas para las futuras plantaciones de papa en nuestros campos, las cuales se esperan que sean de buena calidad y alta productividad, lo que favorecer\u00e1 directamente a nuestros agricultores que se dedican a este tradicional rubro, por lo tanto, es clave el apoyo de estos profesionales de Prodesal, para realizar esta innovadora tarea en nuestra comuna, apoy\u00e1ndolos en capacitaci\u00f3n y evaluaci\u00f3n, que realizar\u00e1n con la plantaci\u00f3n demostrativa que se desarrollar\u00e1 en la parcela ubicada en el Sector de La Caba\u00f1a.<\/p>\n<p style=\"text-align: justify;\">El Profesional Roberto Cortes, manifest\u00f3 al Equipo del Portal Yungayino.cl, que la entrega de estas semillas permitir\u00e1 hacer un recambio de la tradicional \u201cDesire\u00e9\u201d la que ya lleva m\u00e1s de 40 a\u00f1os en la zona, por lo tanto esperan que con las nuevas semillas los usuarios aumenten su producci\u00f3n e ingresos econ\u00f3micos, adem\u00e1s se\u00f1alo el apoyo del Municipio liderados por el alcalde Pedro Inostroza y Nelson Burgos, quienes apoyaron con las gestiones para facilitar veh\u00edculos para el traslado del personal de Prodesal y el cami\u00f3n para traer la semillas.[su_button url=\u00bbhttps:\/\/www.facebook.com\/media\/set\/?set=a.901459883202385.1073742230.159561284058919&amp;type=3&#8243; size=\u00bb4&#8243; radius=\u00bbround\u00bb icon=\u00bbicon: camera-retro\u00bb]Fotograf\u00edas &#8211; Prodesal 2 Hizo Entrega de 7 Mil Kilos de Semillas de Papas Certificadas a 50 Usuarios de Yungay[\/su_button]<\/p>\n","protected":false},"excerpt":{"rendered":"<p>Yungay, mi\u00e9rcoles 06 de agosto el Prodesal 2 hizo entrega de 7 mil kilos de semillas de papas certificadas de dos variedades, la \u201cYagana\u201d y \u201cPatagonia\u201d, ambas proveniente de la Regi\u00f3n de la Araucan\u00eda&#46;&#46;&#46;<\/p>\n","protected":false},"author":2,"featured_media":11370,"comment_status":"open","ping_status":"open","sticky":false,"template":"","format":"standard","meta":{"footnotes":""},"categories":[1],"tags":[1115,532,8,6],"class_list":["post-11369","post","type-post","status-publish","format-standard","has-post-thumbnail","hentry","category-noticias","tag-noticias","tag-prodesal","tag-yungay","tag-yungayino"],"_links":{"self":[{"href":"https:\/\/www.yungayino.cl\/noticias\/index.php?rest_route=\/wp\/v2\/posts\/11369","targetHints":{"allow":["GET"]}}],"collection":[{"href":"https:\/\/www.yungayino.cl\/noticias\/index.php?rest_route=\/wp\/v2\/posts"}],"about":[{"href":"https:\/\/www.yungayino.cl\/noticias\/index.php?rest_route=\/wp\/v2\/types\/post"}],"author":[{"embeddable":true,"href":"https:\/\/www.yungayino.cl\/noticias\/index.php?rest_route=\/wp\/v2\/users\/2"}],"replies":[{"embeddable":true,"href":"https:\/\/www.yungayino.cl\/noticias\/index.php?rest_route=%2Fwp%2Fv2%2Fcomments&post=11369"}],"version-history":[{"count":5,"href":"https:\/\/www.yungayino.cl\/noticias\/index.php?rest_route=\/wp\/v2\/posts\/11369\/revisions"}],"predecessor-version":[{"id":11411,"href":"https:\/\/www.yungayino.cl\/noticias\/index.php?rest_route=\/wp\/v2\/posts\/11369\/revisions\/11411"}],"wp:featuredmedia":[{"embeddable":true,"href":"https:\/\/www.yungayino.cl\/noticias\/index.php?rest_route=\/wp\/v2\/media\/11370"}],"wp:attachment":[{"href":"https:\/\/www.yungayino.cl\/noticias\/index.php?rest_route=%2Fwp%2Fv2%2Fmedia&parent=11369"}],"wp:term":[{"taxonomy":"category","embeddable":true,"href":"https:\/\/www.yungayino.cl\/noticias\/index.php?rest_route=%2Fwp%2Fv2%2Fcategories&post=11369"},{"taxonomy":"post_tag","embeddable":true,"href":"https:\/\/www.yungayino.cl\/noticias\/index.php?rest_route=%2Fwp%2Fv2%2Ftags&post=11369"}],"curies":[{"name":"wp","href":"https:\/\/api.w.org\/{rel}","templated":true}]}}