{"id":11375,"date":"2014-08-07T20:00:26","date_gmt":"2014-08-08T00:00:26","guid":{"rendered":"http:\/\/www.yungayino.cl\/noticias\/?p=11375"},"modified":"2014-08-10T22:15:43","modified_gmt":"2014-08-11T02:15:43","slug":"municipio-de-yungay-celebro-el-dia-del-dirigente-social-y-comunitario","status":"publish","type":"post","link":"https:\/\/www.yungayino.cl\/noticias\/?p=11375","title":{"rendered":"Municipio de Yungay Celebr\u00f3 el \u201cD\u00eda del Dirigente Social y Comunitario\u201d"},"content":{"rendered":"<p><a href=\"http:\/\/www.yungayino.cl\/noticias\/wp-content\/uploads\/2014\/08\/diadirigente2014.jpg\"><img loading=\"lazy\" decoding=\"async\" class=\"alignnone size-full wp-image-11376\" src=\"http:\/\/www.yungayino.cl\/noticias\/wp-content\/uploads\/2014\/08\/diadirigente2014.jpg\" alt=\"diadirigente2014\" width=\"500\" height=\"300\" srcset=\"https:\/\/www.yungayino.cl\/noticias\/wp-content\/uploads\/2014\/08\/diadirigente2014.jpg 500w, https:\/\/www.yungayino.cl\/noticias\/wp-content\/uploads\/2014\/08\/diadirigente2014-300x180.jpg 300w, https:\/\/www.yungayino.cl\/noticias\/wp-content\/uploads\/2014\/08\/diadirigente2014-250x150.jpg 250w\" sizes=\"auto, (max-width: 500px) 100vw, 500px\" \/><\/a><\/p>\n<p style=\"text-align: justify;\">Yungay, jueves 07 de agosto 2014 el Municipio celebr\u00f3 el \u201cD\u00eda del Dirigente Social y Comunitario\u201d con un almuerzo, el cual se realiz\u00f3 en las dependencias del Gimnasio Multiuso y cuya celebraci\u00f3n se realiza tradicionalmente el 7 de agosto de cada a\u00f1o, donde se recuerda la promulgaci\u00f3n de la ley 16.880 de 1968, que crea, establece y reconoce las formas de organizaci\u00f3n de base, sus atribuciones, obligaciones y la existencia del dirigente comunitario. La celebraci\u00f3n estuvo encabezada por el alcalde Pedro Inostroza, Concejales, la Presidenta de la Uni\u00f3n Comunal de Juntas de Vecinos Sra. Ang\u00e9lica Mart\u00ednez, el Mayor de Carabineros Darwin Illanes y la Jefa de Dideco, Marcia Ortiz.<\/p>\n<p style=\"text-align: justify;\">\u201cHemos querido festejar a nuestros dirigentes como una forma de agradecerles el esfuerzo y el trabajo que realizan cada d\u00eda, ya que son el pilar fundamental para que la municipalidad pueda lograr soluciones para la comunidad y son ellos los que trabajan con el municipio para que Yungay siga creciendo\u201d, sostuvo el Alcalde Pedro Inostroza. Finalmente durante la celebraci\u00f3n se hizo entrega de un regalo a todos los dirigentes asistentes.<\/p>\n<p style=\"text-align: justify;\">[su_button url=\u00bbhttps:\/\/www.facebook.com\/media\/set\/?set=a.902105509804489.1073742231.159561284058919&amp;type=3&#8243; size=\u00bb4&#8243; radius=\u00bbround\u00bb icon=\u00bbicon: camera-retro\u00bb]Fotograf\u00edas &#8211; Municipio de Yungay Celebr\u00f3 el \u201cD\u00eda del Dirigente Social y Comunitario\u201d[\/su_button]<\/p>\n","protected":false},"excerpt":{"rendered":"<p>Yungay, jueves 07 de agosto 2014 el Municipio celebr\u00f3 el \u201cD\u00eda del Dirigente Social y Comunitario\u201d con un almuerzo, el cual se realiz\u00f3 en las dependencias del Gimnasio Multiuso y cuya celebraci\u00f3n se realiza&#46;&#46;&#46;<\/p>\n","protected":false},"author":2,"featured_media":11376,"comment_status":"open","ping_status":"open","sticky":false,"template":"","format":"standard","meta":{"footnotes":""},"categories":[1],"tags":[514,1115,8,6],"class_list":["post-11375","post","type-post","status-publish","format-standard","has-post-thumbnail","hentry","category-noticias","tag-dia-dirigente","tag-noticias","tag-yungay","tag-yungayino"],"_links":{"self":[{"href":"https:\/\/www.yungayino.cl\/noticias\/index.php?rest_route=\/wp\/v2\/posts\/11375","targetHints":{"allow":["GET"]}}],"collection":[{"href":"https:\/\/www.yungayino.cl\/noticias\/index.php?rest_route=\/wp\/v2\/posts"}],"about":[{"href":"https:\/\/www.yungayino.cl\/noticias\/index.php?rest_route=\/wp\/v2\/types\/post"}],"author":[{"embeddable":true,"href":"https:\/\/www.yungayino.cl\/noticias\/index.php?rest_route=\/wp\/v2\/users\/2"}],"replies":[{"embeddable":true,"href":"https:\/\/www.yungayino.cl\/noticias\/index.php?rest_route=%2Fwp%2Fv2%2Fcomments&post=11375"}],"version-history":[{"count":5,"href":"https:\/\/www.yungayino.cl\/noticias\/index.php?rest_route=\/wp\/v2\/posts\/11375\/revisions"}],"predecessor-version":[{"id":11410,"href":"https:\/\/www.yungayino.cl\/noticias\/index.php?rest_route=\/wp\/v2\/posts\/11375\/revisions\/11410"}],"wp:featuredmedia":[{"embeddable":true,"href":"https:\/\/www.yungayino.cl\/noticias\/index.php?rest_route=\/wp\/v2\/media\/11376"}],"wp:attachment":[{"href":"https:\/\/www.yungayino.cl\/noticias\/index.php?rest_route=%2Fwp%2Fv2%2Fmedia&parent=11375"}],"wp:term":[{"taxonomy":"category","embeddable":true,"href":"https:\/\/www.yungayino.cl\/noticias\/index.php?rest_route=%2Fwp%2Fv2%2Fcategories&post=11375"},{"taxonomy":"post_tag","embeddable":true,"href":"https:\/\/www.yungayino.cl\/noticias\/index.php?rest_route=%2Fwp%2Fv2%2Ftags&post=11375"}],"curies":[{"name":"wp","href":"https:\/\/api.w.org\/{rel}","templated":true}]}}