{"id":11459,"date":"2014-08-21T10:00:20","date_gmt":"2014-08-21T14:00:20","guid":{"rendered":"http:\/\/www.yungayino.cl\/noticias\/?p=11459"},"modified":"2014-08-21T18:07:23","modified_gmt":"2014-08-21T22:07:23","slug":"encuentro-de-mujeres-trabajadoras-y-jefas-de-hogar-se-realizo-en-chillan","status":"publish","type":"post","link":"https:\/\/www.yungayino.cl\/noticias\/?p=11459","title":{"rendered":"Encuentro de Mujeres Trabajadoras y jefas de Hogar se Realiz\u00f3 en Chill\u00e1n"},"content":{"rendered":"<p><a href=\"http:\/\/www.yungayino.cl\/noticias\/wp-content\/uploads\/2014\/08\/mtjh201408.jpg\"><img loading=\"lazy\" decoding=\"async\" class=\"alignnone size-full wp-image-11461\" src=\"http:\/\/www.yungayino.cl\/noticias\/wp-content\/uploads\/2014\/08\/mtjh201408.jpg\" alt=\"mtjh201408\" width=\"500\" height=\"300\" srcset=\"https:\/\/www.yungayino.cl\/noticias\/wp-content\/uploads\/2014\/08\/mtjh201408.jpg 500w, https:\/\/www.yungayino.cl\/noticias\/wp-content\/uploads\/2014\/08\/mtjh201408-300x180.jpg 300w, https:\/\/www.yungayino.cl\/noticias\/wp-content\/uploads\/2014\/08\/mtjh201408-250x150.jpg 250w\" sizes=\"auto, (max-width: 500px) 100vw, 500px\" \/><\/a><\/p>\n<p style=\"text-align: justify;\">Chill\u00e1n, Martes 19 de agosto 2014: se llevo a cabo el Encuentro de Mujeres Trabajadoras y jefas de Hogar, con la participaci\u00f3n de Alejandra Contreras, encargada del programa en nuestra comuna, adem\u00e1s de Mujeres yungayinas que participan de mencionado programa.<\/p>\n<p style=\"text-align: justify;\">Andrea Valenzuela, coordinadora regional del programa Mujer Trabajadora y Jefa de Hogar del Servicio Nacional de la Mujer, se\u00f1al\u00f3: El objetivo de la actividad fue realizar un proceso participativo para la construcci\u00f3n de la agenda de g\u00e9nero regional que est\u00e1 impulsando la Presidenta Michel Bachelet.<\/p>\n<p style=\"text-align: justify;\">En este proceso participativo se invit\u00f3 a las l\u00edderes de las ocho comunas donde est\u00e1 el programa Mujer Trabajadora y Jefa de Hogar, es decir, Quill\u00f3n, San Calos, El Carmen, Chill\u00e1n, Chill\u00e1n Viejo, Bulnes, Coelemu y Yungay.<\/p>\n<p style=\"text-align: justify;\">Las Mujeres L\u00edderes seleccionadas pudieron dar su opini\u00f3n en relaci\u00f3n a cuatro ejes tem\u00e1ticos que tienen que ver con: la capacitaci\u00f3n de calidad para las mujeres, financiamiento para proyectos productivos, nivelaci\u00f3n de estudios para personas adultas y salud odontol\u00f3gica y laboral.<\/p>\n<p style=\"text-align: justify;\">En la ocasi\u00f3n se realiz\u00f3 un diagn\u00f3stico que da cuenta de las principales inequidades de g\u00e9nero, territoriales, sociales y culturales que viven las mujeres trabajadoras y jefas de hogar.<\/p>\n<p style=\"text-align: justify;\">La finalidad fue que las Mujeres que asistieron pudieran detectar los problemas, hacer propuestas e identificar los servicios a los cuales las Mujeres trabajadoras y jefas de hogar pueden acceder para dar soluci\u00f3n a los problemas detectados.<\/p>\n<p style=\"text-align: justify;\">[su_button url=\u00bbhttps:\/\/www.facebook.com\/media\/set\/?set=a.909892922359081.1073742242.159561284058919&amp;type=3&amp;uploaded=26&#8243; size=\u00bb4&#8243; radius=\u00bbround\u00bb icon=\u00bbicon: camera-retro\u00bb]Fotograf\u00edas &#8211; Encuentro de Mujeres Trabajadoras y jefas de Hogar se Realiz\u00f3 en Chill\u00e1n[\/su_button]<\/p>\n","protected":false},"excerpt":{"rendered":"<p>Chill\u00e1n, Martes 19 de agosto 2014: se llevo a cabo el Encuentro de Mujeres Trabajadoras y jefas de Hogar, con la participaci\u00f3n de Alejandra Contreras, encargada del programa en nuestra comuna, adem\u00e1s de Mujeres&#46;&#46;&#46;<\/p>\n","protected":false},"author":2,"featured_media":11461,"comment_status":"open","ping_status":"open","sticky":false,"template":"","format":"standard","meta":{"footnotes":""},"categories":[1],"tags":[1115,926,8,6],"class_list":["post-11459","post","type-post","status-publish","format-standard","has-post-thumbnail","hentry","category-noticias","tag-noticias","tag-programa-mujer-trabajadora-y-jefa-de-hogar","tag-yungay","tag-yungayino"],"_links":{"self":[{"href":"https:\/\/www.yungayino.cl\/noticias\/index.php?rest_route=\/wp\/v2\/posts\/11459","targetHints":{"allow":["GET"]}}],"collection":[{"href":"https:\/\/www.yungayino.cl\/noticias\/index.php?rest_route=\/wp\/v2\/posts"}],"about":[{"href":"https:\/\/www.yungayino.cl\/noticias\/index.php?rest_route=\/wp\/v2\/types\/post"}],"author":[{"embeddable":true,"href":"https:\/\/www.yungayino.cl\/noticias\/index.php?rest_route=\/wp\/v2\/users\/2"}],"replies":[{"embeddable":true,"href":"https:\/\/www.yungayino.cl\/noticias\/index.php?rest_route=%2Fwp%2Fv2%2Fcomments&post=11459"}],"version-history":[{"count":2,"href":"https:\/\/www.yungayino.cl\/noticias\/index.php?rest_route=\/wp\/v2\/posts\/11459\/revisions"}],"predecessor-version":[{"id":11466,"href":"https:\/\/www.yungayino.cl\/noticias\/index.php?rest_route=\/wp\/v2\/posts\/11459\/revisions\/11466"}],"wp:featuredmedia":[{"embeddable":true,"href":"https:\/\/www.yungayino.cl\/noticias\/index.php?rest_route=\/wp\/v2\/media\/11461"}],"wp:attachment":[{"href":"https:\/\/www.yungayino.cl\/noticias\/index.php?rest_route=%2Fwp%2Fv2%2Fmedia&parent=11459"}],"wp:term":[{"taxonomy":"category","embeddable":true,"href":"https:\/\/www.yungayino.cl\/noticias\/index.php?rest_route=%2Fwp%2Fv2%2Fcategories&post=11459"},{"taxonomy":"post_tag","embeddable":true,"href":"https:\/\/www.yungayino.cl\/noticias\/index.php?rest_route=%2Fwp%2Fv2%2Ftags&post=11459"}],"curies":[{"name":"wp","href":"https:\/\/api.w.org\/{rel}","templated":true}]}}