{"id":11463,"date":"2014-08-21T15:00:14","date_gmt":"2014-08-21T19:00:14","guid":{"rendered":"http:\/\/www.yungayino.cl\/noticias\/?p=11463"},"modified":"2014-08-21T18:12:44","modified_gmt":"2014-08-21T22:12:44","slug":"indap-yungay-tiene-nueva-jefa-de-area","status":"publish","type":"post","link":"https:\/\/www.yungayino.cl\/noticias\/?p=11463","title":{"rendered":"INDAP B\u00edob\u00edo Presenta a sus Nuevos Jefes de \u00c1reas, Donde Asume la  Nueva Jefa de \u00c1rea INDAP Yungay"},"content":{"rendered":"<p><a href=\"http:\/\/www.yungayino.cl\/noticias\/wp-content\/uploads\/2014\/08\/inonne_pantoja_indap.jpg\"><img loading=\"lazy\" decoding=\"async\" class=\"alignnone size-full wp-image-11460\" src=\"http:\/\/www.yungayino.cl\/noticias\/wp-content\/uploads\/2014\/08\/inonne_pantoja_indap.jpg\" alt=\"inonne_pantoja_indap\" width=\"500\" height=\"300\" srcset=\"https:\/\/www.yungayino.cl\/noticias\/wp-content\/uploads\/2014\/08\/inonne_pantoja_indap.jpg 500w, https:\/\/www.yungayino.cl\/noticias\/wp-content\/uploads\/2014\/08\/inonne_pantoja_indap-300x180.jpg 300w, https:\/\/www.yungayino.cl\/noticias\/wp-content\/uploads\/2014\/08\/inonne_pantoja_indap-250x150.jpg 250w\" sizes=\"auto, (max-width: 500px) 100vw, 500px\" \/><\/a><\/p>\n<p style=\"text-align: justify;\">La presentaci\u00f3n oficial de los 13 jefes de \u00e1rea fue encabezada por el Intendente Rodrigo D\u00edaz, quien acompa\u00f1ado por el seremi de Agricultura, Rodrigo Garc\u00eda y el director regional de INDAP, Andr\u00e9s Castillo, ocasi\u00f3n en que dio a conocer los \u00e9nfasis regionales que el Gobierno abordar\u00e1 en materia de desarrollo productivo.<\/p>\n<p style=\"text-align: justify;\">En la ocasi\u00f3n, el Intendente destac\u00f3 que \u201cla labor que realiza el Ministerio de Agricultura, a trav\u00e9s de INDAP, es fundamental para disminuir la desigualdad, puesto que con sus programas de fomento y asistencia financiera, les dan un verdadero impulso a la agricultura familiar campesina, con m\u00e1s oportunidades de desarrollo y progreso, mejorando la calidad de vida de m\u00e1s de 25 peque\u00f1os productores en la regi\u00f3n\u201d.<\/p>\n<p style=\"text-align: justify;\">Andr\u00e9s Castillo, por su parte, indic\u00f3 que los nombramientos de los jefes de \u00e1rea, responden a las estrategias de trabajo que la instituci\u00f3n busca desarrollar, donde tendr\u00e1n la responsabilidad de dirigir, administrar y operar. \u201cSon ellos los responsables de la gesti\u00f3n y representaci\u00f3n institucional, para lo cual tendr\u00e1n todo el apoyo de la Direcci\u00f3n Regional, Jefes de Unidades y funcionarios que los subrogan para sacar adelante los desaf\u00edos que como INDAP tenemos al servicio de la agricultura familiar\u201d.<\/p>\n<p style=\"text-align: justify;\">De los 13 jefes de \u00e1rea, dos estaban ejerciendo cargos de subrogancia, quedando ahora de titulares, H\u00e9ctor Villegas Barsotti, ingeniero agr\u00f3nomo en\u00a0 Santa B\u00e1rbara y Jos\u00e9 Ram\u00edrez, ingeniero agr\u00f3nomo en San Carlos.<\/p>\n<p style=\"text-align: justify;\">En cuanto a los otros 11 profesionales que ingresan a INDAP como jefes de \u00e1rea son: Ivonne Pantoja Montecinos, ingeniero agr\u00f3nomo al \u00e1rea Yungay; Yolanda Romero Pe\u00f1a, ingeniero forestal al\u00a0\u00e1rea Yumbel; Juan Parra Espinoza, m\u00e9dico veterinario al\u00a0\u00e1rea Quirihue; Carlos Ruiz Canales, ingeniero agr\u00f3nomo al\u00a0\u00e1rea Ca\u00f1ete; Loreto Merino Macchiavello, ingeniero agr\u00f3nomo al\u00a0\u00e1rea Concepci\u00f3n; Gloria Cifuentes Toloza, ingeniero agr\u00f3nomo al\u00a0\u00e1rea Bulnes; Luis Mora Fuentes, ingeniero en ejecuci\u00f3n agr\u00edcola al\u00a0\u00e1rea Chill\u00e1n; Alejandro Pedreros Urrutia, m\u00e9dico veterinario al\u00a0\u00e1rea Coelemu; Franklin Liencura Nu\u00f1ez, ingeniero comercial al\u00a0\u00e1rea Arauco; y Tania Villalobos Anabal\u00f3n, m\u00e9dico veterinario al\u00a0\u00e1rea Los \u00c1ngeles.<\/p>\n<p style=\"text-align: justify;\">Los jefes de \u00e1rea que asumir\u00e1n en sus respectivas agencias el lunes 25 de agosto, se encuentran participando de un proceso de inducci\u00f3n, donde se les da a conocer cada unos de los programas que INDAP desarrolla en la regi\u00f3n.<\/p>\n<p style=\"text-align: justify;\">[su_button url=\u00bbhttps:\/\/www.facebook.com\/media\/set\/?set=a.909897392358634.1073742244.159561284058919&amp;type=3&amp;uploaded=2&#8243; size=\u00bb4&#8243; radius=\u00bbround\u00bb icon=\u00bbicon: camera-retro\u00bb]Fotograf\u00edas &#8211; INDAP BIOB\u00cdO Presenta sus Nuevos Jefes de \u00c1reas[\/su_button]<\/p>\n","protected":false},"excerpt":{"rendered":"<p>La presentaci\u00f3n oficial de los 13 jefes de \u00e1rea fue encabezada por el Intendente Rodrigo D\u00edaz, quien acompa\u00f1ado por el seremi de Agricultura, Rodrigo Garc\u00eda y el director regional de INDAP, Andr\u00e9s Castillo, ocasi\u00f3n&#46;&#46;&#46;<\/p>\n","protected":false},"author":2,"featured_media":11460,"comment_status":"open","ping_status":"open","sticky":false,"template":"","format":"standard","meta":{"footnotes":""},"categories":[1],"tags":[140,1115,8,6],"class_list":["post-11463","post","type-post","status-publish","format-standard","has-post-thumbnail","hentry","category-noticias","tag-indap","tag-noticias","tag-yungay","tag-yungayino"],"_links":{"self":[{"href":"https:\/\/www.yungayino.cl\/noticias\/index.php?rest_route=\/wp\/v2\/posts\/11463","targetHints":{"allow":["GET"]}}],"collection":[{"href":"https:\/\/www.yungayino.cl\/noticias\/index.php?rest_route=\/wp\/v2\/posts"}],"about":[{"href":"https:\/\/www.yungayino.cl\/noticias\/index.php?rest_route=\/wp\/v2\/types\/post"}],"author":[{"embeddable":true,"href":"https:\/\/www.yungayino.cl\/noticias\/index.php?rest_route=\/wp\/v2\/users\/2"}],"replies":[{"embeddable":true,"href":"https:\/\/www.yungayino.cl\/noticias\/index.php?rest_route=%2Fwp%2Fv2%2Fcomments&post=11463"}],"version-history":[{"count":4,"href":"https:\/\/www.yungayino.cl\/noticias\/index.php?rest_route=\/wp\/v2\/posts\/11463\/revisions"}],"predecessor-version":[{"id":11468,"href":"https:\/\/www.yungayino.cl\/noticias\/index.php?rest_route=\/wp\/v2\/posts\/11463\/revisions\/11468"}],"wp:featuredmedia":[{"embeddable":true,"href":"https:\/\/www.yungayino.cl\/noticias\/index.php?rest_route=\/wp\/v2\/media\/11460"}],"wp:attachment":[{"href":"https:\/\/www.yungayino.cl\/noticias\/index.php?rest_route=%2Fwp%2Fv2%2Fmedia&parent=11463"}],"wp:term":[{"taxonomy":"category","embeddable":true,"href":"https:\/\/www.yungayino.cl\/noticias\/index.php?rest_route=%2Fwp%2Fv2%2Fcategories&post=11463"},{"taxonomy":"post_tag","embeddable":true,"href":"https:\/\/www.yungayino.cl\/noticias\/index.php?rest_route=%2Fwp%2Fv2%2Ftags&post=11463"}],"curies":[{"name":"wp","href":"https:\/\/api.w.org\/{rel}","templated":true}]}}