{"id":11469,"date":"2014-08-22T11:00:48","date_gmt":"2014-08-22T15:00:48","guid":{"rendered":"http:\/\/www.yungayino.cl\/noticias\/?p=11469"},"modified":"2014-08-22T14:22:12","modified_gmt":"2014-08-22T18:22:12","slug":"en-la-escuela-rural-g-371-de-los-mayos-se-realizo-concurso-comunal-escolar-de-pintura","status":"publish","type":"post","link":"https:\/\/www.yungayino.cl\/noticias\/?p=11469","title":{"rendered":"En la Escuela Rural G-371 de Los Mayos se Realizo Concurso Comunal Escolar de Pintura"},"content":{"rendered":"<p><a href=\"http:\/\/www.yungayino.cl\/noticias\/wp-content\/uploads\/2014\/08\/losmayos_concurso2014.jpg\"><img loading=\"lazy\" decoding=\"async\" class=\"alignnone size-full wp-image-11470\" src=\"http:\/\/www.yungayino.cl\/noticias\/wp-content\/uploads\/2014\/08\/losmayos_concurso2014.jpg\" alt=\"losmayos_concurso2014\" width=\"500\" height=\"300\" srcset=\"https:\/\/www.yungayino.cl\/noticias\/wp-content\/uploads\/2014\/08\/losmayos_concurso2014.jpg 500w, https:\/\/www.yungayino.cl\/noticias\/wp-content\/uploads\/2014\/08\/losmayos_concurso2014-300x180.jpg 300w, https:\/\/www.yungayino.cl\/noticias\/wp-content\/uploads\/2014\/08\/losmayos_concurso2014-250x150.jpg 250w\" sizes=\"auto, (max-width: 500px) 100vw, 500px\" \/><\/a><\/p>\n<p style=\"text-align: justify;\">Yungay, en la Escuela Rural G-371 de Los Mayos ubicada en la zona cordillerana de nuestra comuna, se llevo a cabo el Concurso Comunal de Pintura Escolar con motivo de la celebraci\u00f3n del <strong>\u201cMes de la Monta\u00f1a\u201d<\/strong>, donde participaron alumnos de ense\u00f1anza media y b\u00e1sica de los diferentes establecimientos educacionales de nuestra comuna.<\/p>\n<p style=\"text-align: justify;\">El concurso se inicio con una ceremonia encabezada por el Coordinador Comunal Extraescolar DAEM de Yungay, Cesar Araya y el Director H\u00e9ctor Molina, adem\u00e1s de profesores.<\/p>\n<p style=\"text-align: justify;\">En la ocasi\u00f3n tambi\u00e9n alumnos de la Escuela Los Mayos realizaron una presentaci\u00f3n, para luego dar inicio al concurso.<\/p>\n<p style=\"text-align: justify;\">Cabe destacar que el primer lugar de cada categor\u00eda representar\u00e1 a la comuna en el Concurso Provincial que se llevar\u00e1 a cabo en la comuna de Pinto a fines del mes de agosto, as\u00ed lo afirm\u00f3 al Portal el Coordinador Comunal Extraescolar Cesar Araya.<\/p>\n<p style=\"text-align: justify;\">Los alumnos fueron acompa\u00f1ados por sus respectivos profesores, quienes adem\u00e1s pudieron disfrutar de la hospitalidad del sector rural.<\/p>\n<p style=\"text-align: justify;\">Finalmente la actividad termino con la entrega de diplomas y est\u00edmulos a los ganadores en las respectivas categor\u00edas.<\/p>\n<p style=\"text-align: justify;\"><strong>\u00a0Resultado de Ganadores Ense\u00f1anza Media:<\/strong><\/p>\n<p style=\"text-align: justify;\"><strong>1\u00b0 Lugar: Adri\u00e1n Jofre (3\u00b0 Medio, Liceo de Campanario)<\/strong>.<\/p>\n<p style=\"text-align: justify;\">2\u00b0 Lugar: Byron Fuentealba (3\u00b0 Medio, Liceo de Campanario).<\/p>\n<p style=\"text-align: justify;\">3\u00b0 Lugar: Mariana Ser\u00f3n (2\u00b0 Medio A, Liceo de Yungay).<\/p>\n<p style=\"text-align: justify;\">\n<p style=\"text-align: justify;\"><strong>Resultado de Ganadores Ense\u00f1anza B\u00e1sica:<\/strong><\/p>\n<p style=\"text-align: justify;\"><strong>1\u00b0 Lugar: Monserrat L\u00f3pez (7\u00b0 C, Escuela Fernando Baquedano).<\/strong><\/p>\n<p style=\"text-align: justify;\">2\u00b0 Lugar: \u00c1ngel Zapata (8\u00b0, Liceo de Campanario).<\/p>\n<p style=\"text-align: justify;\">3\u00b0 Lugar: Daniel Cabrera (7\u00b0, Liceo de Campanario).<\/p>\n<p style=\"text-align: justify;\">[su_button url=\u00bbhttps:\/\/www.facebook.com\/media\/set\/?set=a.910285282319845.1073742245.159561284058919&amp;type=3&amp;uploaded=70&#8243; size=\u00bb4&#8243; radius=\u00bbround\u00bb icon=\u00bbicon: camera-retro\u00bb]Fotograf\u00edas &#8211; En la Escuela Rural G-371 de Los Mayos se Realizo Concurso Comunal Escolar de Pintura.[\/su_button]<\/p>\n","protected":false},"excerpt":{"rendered":"<p>Yungay, en la Escuela Rural G-371 de Los Mayos ubicada en la zona cordillerana de nuestra comuna, se llevo a cabo el Concurso Comunal de Pintura Escolar con motivo de la celebraci\u00f3n del \u201cMes&#46;&#46;&#46;<\/p>\n","protected":false},"author":2,"featured_media":11470,"comment_status":"open","ping_status":"open","sticky":false,"template":"","format":"standard","meta":{"footnotes":""},"categories":[1],"tags":[246,1115,8,6],"class_list":["post-11469","post","type-post","status-publish","format-standard","has-post-thumbnail","hentry","category-noticias","tag-escuela-los-mayos","tag-noticias","tag-yungay","tag-yungayino"],"_links":{"self":[{"href":"https:\/\/www.yungayino.cl\/noticias\/index.php?rest_route=\/wp\/v2\/posts\/11469","targetHints":{"allow":["GET"]}}],"collection":[{"href":"https:\/\/www.yungayino.cl\/noticias\/index.php?rest_route=\/wp\/v2\/posts"}],"about":[{"href":"https:\/\/www.yungayino.cl\/noticias\/index.php?rest_route=\/wp\/v2\/types\/post"}],"author":[{"embeddable":true,"href":"https:\/\/www.yungayino.cl\/noticias\/index.php?rest_route=\/wp\/v2\/users\/2"}],"replies":[{"embeddable":true,"href":"https:\/\/www.yungayino.cl\/noticias\/index.php?rest_route=%2Fwp%2Fv2%2Fcomments&post=11469"}],"version-history":[{"count":4,"href":"https:\/\/www.yungayino.cl\/noticias\/index.php?rest_route=\/wp\/v2\/posts\/11469\/revisions"}],"predecessor-version":[{"id":11474,"href":"https:\/\/www.yungayino.cl\/noticias\/index.php?rest_route=\/wp\/v2\/posts\/11469\/revisions\/11474"}],"wp:featuredmedia":[{"embeddable":true,"href":"https:\/\/www.yungayino.cl\/noticias\/index.php?rest_route=\/wp\/v2\/media\/11470"}],"wp:attachment":[{"href":"https:\/\/www.yungayino.cl\/noticias\/index.php?rest_route=%2Fwp%2Fv2%2Fmedia&parent=11469"}],"wp:term":[{"taxonomy":"category","embeddable":true,"href":"https:\/\/www.yungayino.cl\/noticias\/index.php?rest_route=%2Fwp%2Fv2%2Fcategories&post=11469"},{"taxonomy":"post_tag","embeddable":true,"href":"https:\/\/www.yungayino.cl\/noticias\/index.php?rest_route=%2Fwp%2Fv2%2Ftags&post=11469"}],"curies":[{"name":"wp","href":"https:\/\/api.w.org\/{rel}","templated":true}]}}