{"id":11484,"date":"2014-08-25T11:30:51","date_gmt":"2014-08-25T15:30:51","guid":{"rendered":"http:\/\/www.yungayino.cl\/noticias\/?p=11484"},"modified":"2014-08-25T11:56:43","modified_gmt":"2014-08-25T15:56:43","slug":"espectaculo-artistico-para-dar-bienvenida-a-septiembre-se-realizara-en-yungay","status":"publish","type":"post","link":"https:\/\/www.yungayino.cl\/noticias\/?p=11484","title":{"rendered":"Espect\u00e1culo Art\u00edstico para dar Bienvenida a Septiembre se Realizar\u00e1 en Yungay"},"content":{"rendered":"<p><a href=\"http:\/\/www.yungayino.cl\/noticias\/wp-content\/uploads\/2014\/08\/10525984_336075573213667_6198764177409187069_n.jpg\"><img loading=\"lazy\" decoding=\"async\" class=\"alignnone size-full wp-image-11485\" src=\"http:\/\/www.yungayino.cl\/noticias\/wp-content\/uploads\/2014\/08\/10525984_336075573213667_6198764177409187069_n.jpg\" alt=\"10525984_336075573213667_6198764177409187069_n\" width=\"500\" height=\"260\" srcset=\"https:\/\/www.yungayino.cl\/noticias\/wp-content\/uploads\/2014\/08\/10525984_336075573213667_6198764177409187069_n.jpg 500w, https:\/\/www.yungayino.cl\/noticias\/wp-content\/uploads\/2014\/08\/10525984_336075573213667_6198764177409187069_n-300x156.jpg 300w, https:\/\/www.yungayino.cl\/noticias\/wp-content\/uploads\/2014\/08\/10525984_336075573213667_6198764177409187069_n-288x150.jpg 288w\" sizes=\"auto, (max-width: 500px) 100vw, 500px\" \/><\/a><\/p>\n<p style=\"text-align: justify;\">Lunes 25 de agosto 2014: La Ilustre Municipalidad de Yungay y el Consejo de la Cultura y las Artes de la Regi\u00f3n del B\u00edob\u00edo, tiene el agrado de invitar a toda la comunidad a un espect\u00e1culo art\u00edstico en donde daremos la bienvenida al mes de septiembre.<\/p>\n<p style=\"text-align: justify;\">Esta actividad contar\u00e1 con la participaci\u00f3n de la Compa\u00f1\u00eda de Danza Latinoamericana BAFCOR de Coronel, que nace el a\u00f1o 2006 y que es una instituci\u00f3n cultural dedicada a preservar, investigar y difundir, las costumbres y vivencias por medio de la danza y la m\u00fasica, de las diferentes zonas de nuestro pa\u00eds y del folclor latinoamericano.<\/p>\n<p style=\"text-align: justify;\">En la ocasi\u00f3n se presentar\u00e1 la Agrupaci\u00f3n Folcl\u00f3rica \u201cCantares de Yungay\u201d, entre otros invitados de nuestra comuna.<\/p>\n<p style=\"text-align: justify;\">Tambi\u00e9n en este gran evento se dar\u00e1n a conocer los resultados arrojados del Plan Municipal de Cultura y el proceso de difusi\u00f3n a\u00f1o 2014.<\/p>\n<p style=\"text-align: justify;\">Este gran espect\u00e1culo art\u00edstico se realizar\u00e1 el <strong>domingo 31 de agosto a las 18:00 horas,<\/strong> en el Sal\u00f3n Comunitario Multiuso de Yungay.<\/p>\n<p>&nbsp;<\/p>\n","protected":false},"excerpt":{"rendered":"<p>Lunes 25 de agosto 2014: La Ilustre Municipalidad de Yungay y el Consejo de la Cultura y las Artes de la Regi\u00f3n del B\u00edob\u00edo, tiene el agrado de invitar a toda la comunidad a&#46;&#46;&#46;<\/p>\n","protected":false},"author":2,"featured_media":11485,"comment_status":"open","ping_status":"open","sticky":false,"template":"","format":"standard","meta":{"footnotes":""},"categories":[5,1],"tags":[927,1115,8,6],"class_list":["post-11484","post","type-post","status-publish","format-standard","has-post-thumbnail","hentry","category-eventos","category-noticias","tag-fiestas-patrias-2014","tag-noticias","tag-yungay","tag-yungayino"],"_links":{"self":[{"href":"https:\/\/www.yungayino.cl\/noticias\/index.php?rest_route=\/wp\/v2\/posts\/11484","targetHints":{"allow":["GET"]}}],"collection":[{"href":"https:\/\/www.yungayino.cl\/noticias\/index.php?rest_route=\/wp\/v2\/posts"}],"about":[{"href":"https:\/\/www.yungayino.cl\/noticias\/index.php?rest_route=\/wp\/v2\/types\/post"}],"author":[{"embeddable":true,"href":"https:\/\/www.yungayino.cl\/noticias\/index.php?rest_route=\/wp\/v2\/users\/2"}],"replies":[{"embeddable":true,"href":"https:\/\/www.yungayino.cl\/noticias\/index.php?rest_route=%2Fwp%2Fv2%2Fcomments&post=11484"}],"version-history":[{"count":2,"href":"https:\/\/www.yungayino.cl\/noticias\/index.php?rest_route=\/wp\/v2\/posts\/11484\/revisions"}],"predecessor-version":[{"id":11487,"href":"https:\/\/www.yungayino.cl\/noticias\/index.php?rest_route=\/wp\/v2\/posts\/11484\/revisions\/11487"}],"wp:featuredmedia":[{"embeddable":true,"href":"https:\/\/www.yungayino.cl\/noticias\/index.php?rest_route=\/wp\/v2\/media\/11485"}],"wp:attachment":[{"href":"https:\/\/www.yungayino.cl\/noticias\/index.php?rest_route=%2Fwp%2Fv2%2Fmedia&parent=11484"}],"wp:term":[{"taxonomy":"category","embeddable":true,"href":"https:\/\/www.yungayino.cl\/noticias\/index.php?rest_route=%2Fwp%2Fv2%2Fcategories&post=11484"},{"taxonomy":"post_tag","embeddable":true,"href":"https:\/\/www.yungayino.cl\/noticias\/index.php?rest_route=%2Fwp%2Fv2%2Ftags&post=11484"}],"curies":[{"name":"wp","href":"https:\/\/api.w.org\/{rel}","templated":true}]}}