{"id":11488,"date":"2014-08-25T18:00:30","date_gmt":"2014-08-25T22:00:30","guid":{"rendered":"http:\/\/www.yungayino.cl\/noticias\/?p=11488"},"modified":"2014-08-25T19:42:39","modified_gmt":"2014-08-25T23:42:39","slug":"abuelito-yungayino-nicanor-godoy-vargas-cumplio-104-anos-de-vida","status":"publish","type":"post","link":"https:\/\/www.yungayino.cl\/noticias\/?p=11488","title":{"rendered":"Abuelito Yungayino Nicanor Godoy Vargas Cumpli\u00f3 104 A\u00f1os de Vida"},"content":{"rendered":"<p><a href=\"http:\/\/www.yungayino.cl\/noticias\/wp-content\/uploads\/2014\/08\/nicanor2014.jpg\"><img loading=\"lazy\" decoding=\"async\" class=\"alignnone size-full wp-image-11489\" src=\"http:\/\/www.yungayino.cl\/noticias\/wp-content\/uploads\/2014\/08\/nicanor2014.jpg\" alt=\"nicanor2014\" width=\"500\" height=\"300\" srcset=\"https:\/\/www.yungayino.cl\/noticias\/wp-content\/uploads\/2014\/08\/nicanor2014.jpg 500w, https:\/\/www.yungayino.cl\/noticias\/wp-content\/uploads\/2014\/08\/nicanor2014-300x180.jpg 300w, https:\/\/www.yungayino.cl\/noticias\/wp-content\/uploads\/2014\/08\/nicanor2014-250x150.jpg 250w\" sizes=\"auto, (max-width: 500px) 100vw, 500px\" \/><\/a><\/p>\n<p style=\"text-align: justify;\">Yungay, mucha gente desear\u00eda vivir las d\u00e9cadas del abuelito yungayino <strong>Nicanor Godoy Vargas<\/strong>, qui\u00e9n celebro el pasado 16 de agosto 104 a\u00f1os de existencia.<\/p>\n<p style=\"text-align: justify;\">Para la historia es s\u00f3lo una peque\u00f1a porci\u00f3n de tiempo pero para don Nicanor representa un largo camino de vivencias, an\u00e9cdotas y recuerdos.<\/p>\n<p style=\"text-align: justify;\">El naci\u00f3 el 16 de agosto de 1910 en el Sector de Chillancito y en la actualidad tiene su domicilio en calle \u00c1ngeles N \u00ba 857.<\/p>\n<p style=\"text-align: justify;\">El Equipo del Portal Yungayino.cl al igual que a\u00f1os anteriores visit\u00f3 a don Nicanor para saludarlo y celebrar junto a \u00e9l su cumplea\u00f1os.<\/p>\n<p style=\"text-align: justify;\">Por su parte don Nicanor nos recibi\u00f3 con mucha alegr\u00eda y nos cont\u00f3 que tuvo 14 hermanos, de los cu\u00e1les es el \u00fanico con vida, que es viudo hace 25 a\u00f1os y que tuvo 6 hijos, de los cu\u00e1les vive solo su hija Sunilda Godoy Rubilar de 71 a\u00f1os, y qui\u00e9n es la que est\u00e1 al cuidado de \u00e9l, adem\u00e1s tiene 6 nietos, 1 biznieto y 1 tataranieto.<\/p>\n<p style=\"text-align: justify;\">Finalmente como Equipo le deseamos lo mejor a don Nicanor.<\/p>\n<p style=\"text-align: justify;\"><a href=\"http:\/\/www.yungayino.cl\/noticias\/?p=11488#comments\"><strong>Env\u00ede Saludos a Don Nicanor Aqu\u00ed<\/strong><\/a><\/p>\n","protected":false},"excerpt":{"rendered":"<p>Yungay, mucha gente desear\u00eda vivir las d\u00e9cadas del abuelito yungayino Nicanor Godoy Vargas, qui\u00e9n celebro el pasado 16 de agosto 104 a\u00f1os de existencia. Para la historia es s\u00f3lo una peque\u00f1a porci\u00f3n de tiempo&#46;&#46;&#46;<\/p>\n","protected":false},"author":2,"featured_media":11489,"comment_status":"open","ping_status":"open","sticky":false,"template":"","format":"standard","meta":{"footnotes":""},"categories":[1],"tags":[928,231,1115,8,6],"class_list":["post-11488","post","type-post","status-publish","format-standard","has-post-thumbnail","hentry","category-noticias","tag-104-anos","tag-nicanor-godoy","tag-noticias","tag-yungay","tag-yungayino"],"_links":{"self":[{"href":"https:\/\/www.yungayino.cl\/noticias\/index.php?rest_route=\/wp\/v2\/posts\/11488","targetHints":{"allow":["GET"]}}],"collection":[{"href":"https:\/\/www.yungayino.cl\/noticias\/index.php?rest_route=\/wp\/v2\/posts"}],"about":[{"href":"https:\/\/www.yungayino.cl\/noticias\/index.php?rest_route=\/wp\/v2\/types\/post"}],"author":[{"embeddable":true,"href":"https:\/\/www.yungayino.cl\/noticias\/index.php?rest_route=\/wp\/v2\/users\/2"}],"replies":[{"embeddable":true,"href":"https:\/\/www.yungayino.cl\/noticias\/index.php?rest_route=%2Fwp%2Fv2%2Fcomments&post=11488"}],"version-history":[{"count":2,"href":"https:\/\/www.yungayino.cl\/noticias\/index.php?rest_route=\/wp\/v2\/posts\/11488\/revisions"}],"predecessor-version":[{"id":11491,"href":"https:\/\/www.yungayino.cl\/noticias\/index.php?rest_route=\/wp\/v2\/posts\/11488\/revisions\/11491"}],"wp:featuredmedia":[{"embeddable":true,"href":"https:\/\/www.yungayino.cl\/noticias\/index.php?rest_route=\/wp\/v2\/media\/11489"}],"wp:attachment":[{"href":"https:\/\/www.yungayino.cl\/noticias\/index.php?rest_route=%2Fwp%2Fv2%2Fmedia&parent=11488"}],"wp:term":[{"taxonomy":"category","embeddable":true,"href":"https:\/\/www.yungayino.cl\/noticias\/index.php?rest_route=%2Fwp%2Fv2%2Fcategories&post=11488"},{"taxonomy":"post_tag","embeddable":true,"href":"https:\/\/www.yungayino.cl\/noticias\/index.php?rest_route=%2Fwp%2Fv2%2Ftags&post=11488"}],"curies":[{"name":"wp","href":"https:\/\/api.w.org\/{rel}","templated":true}]}}