{"id":11502,"date":"2014-08-26T17:00:15","date_gmt":"2014-08-26T21:00:15","guid":{"rendered":"http:\/\/www.yungayino.cl\/noticias\/?p=11502"},"modified":"2014-08-26T19:57:13","modified_gmt":"2014-08-26T23:57:13","slug":"sala-cuna-cuncunita-de-cholguan-estacion-celebro-english-week","status":"publish","type":"post","link":"https:\/\/www.yungayino.cl\/noticias\/?p=11502","title":{"rendered":"Sala Cuna \u201cCuncunita\u201d de Cholgu\u00e1n Estaci\u00f3n Celebr\u00f3 English Week"},"content":{"rendered":"<p><a href=\"http:\/\/www.yungayino.cl\/noticias\/wp-content\/uploads\/2014\/08\/cuncunita201408.jpg\"><img loading=\"lazy\" decoding=\"async\" class=\"alignnone size-full wp-image-11503\" src=\"http:\/\/www.yungayino.cl\/noticias\/wp-content\/uploads\/2014\/08\/cuncunita201408.jpg\" alt=\"cuncunita201408\" width=\"500\" height=\"300\" srcset=\"https:\/\/www.yungayino.cl\/noticias\/wp-content\/uploads\/2014\/08\/cuncunita201408.jpg 500w, https:\/\/www.yungayino.cl\/noticias\/wp-content\/uploads\/2014\/08\/cuncunita201408-300x180.jpg 300w, https:\/\/www.yungayino.cl\/noticias\/wp-content\/uploads\/2014\/08\/cuncunita201408-250x150.jpg 250w\" sizes=\"auto, (max-width: 500px) 100vw, 500px\" \/><\/a><\/p>\n<p style=\"text-align: justify;\">Cholgu\u00e1n, martes 26 de agosto 2014: En la sala cuna y jard\u00edn infantil \u201cCuncunita\u201d se realiz\u00f3 una actividad por motivo de la semana del ingl\u00e9s (English Week).<\/p>\n<p style=\"text-align: justify;\">Es por ello que motivados por sus t\u00edas los peque\u00f1itos ensayaron algunas canciones para presentarlas frente a sus papitos, quienes se mostraron felices de ver a sus hijos e hijas interpretando las canciones en el idioma extranjero.<\/p>\n<p style=\"text-align: justify;\">En la ocasi\u00f3n se cont\u00f3 con la presencia de la se\u00f1ora Cecilia Cepeda Concha, Jefa UTP Comunal Departamento DAEM de Yungay.<\/p>\n<p style=\"text-align: justify;\">Carolina Alvear Fica, directora encargada de la sala cuna y jard\u00edn se\u00f1al\u00f3: \u201cEsta actividad que es primera vez que se realiza en los jardines de la comuna de Yungay, a sido un \u00e9xito para las educadoras, asistentes y especialmente para los ni\u00f1os, ya que les ayuda a aprender un nuevo idioma y tambi\u00e9n en la parte fonoaudiol\u00f3gica\u201d.<\/p>\n<p style=\"text-align: justify;\">El Departamento DAEM de nuestra comuna busca mejorar la igualdad de oportunidades, pensando en los ni\u00f1os para que sean mejores personas y aprendan mucho m\u00e1s, por ello se les est\u00e1 incorporando clases de ingl\u00e9s desde los jardines infantiles.<\/p>\n<p style=\"text-align: justify;\">[su_button url=\u00bbhttps:\/\/www.facebook.com\/media\/set\/?set=a.912483465433360.1073742248.159561284058919&amp;type=3&amp;uploaded=40&#8243; size=\u00bb4&#8243; radius=\u00bbround\u00bb icon=\u00bbicon: camera-retro\u00bb]Fotograf\u00edas &#8211; Sala Cuna \u201cCuncunita\u201d de Cholgu\u00e1n Estaci\u00f3n Celebr\u00f3 English Week[\/su_button]<\/p>\n<p style=\"text-align: justify;\"><iframe loading=\"lazy\" src=\"\/\/www.youtube.com\/embed\/MyWZl6y-h6w\" width=\"425\" height=\"350\"><\/iframe><\/p>\n","protected":false},"excerpt":{"rendered":"<p>Cholgu\u00e1n, martes 26 de agosto 2014: En la sala cuna y jard\u00edn infantil \u201cCuncunita\u201d se realiz\u00f3 una actividad por motivo de la semana del ingl\u00e9s (English Week). Es por ello que motivados por sus&#46;&#46;&#46;<\/p>\n","protected":false},"author":2,"featured_media":11503,"comment_status":"open","ping_status":"open","sticky":false,"template":"","format":"standard","meta":{"footnotes":""},"categories":[1],"tags":[27,1115,930,8,6],"class_list":["post-11502","post","type-post","status-publish","format-standard","has-post-thumbnail","hentry","category-noticias","tag-cholguan-estacion","tag-noticias","tag-sala-cuna-y-jardin-cuncunita","tag-yungay","tag-yungayino"],"_links":{"self":[{"href":"https:\/\/www.yungayino.cl\/noticias\/index.php?rest_route=\/wp\/v2\/posts\/11502","targetHints":{"allow":["GET"]}}],"collection":[{"href":"https:\/\/www.yungayino.cl\/noticias\/index.php?rest_route=\/wp\/v2\/posts"}],"about":[{"href":"https:\/\/www.yungayino.cl\/noticias\/index.php?rest_route=\/wp\/v2\/types\/post"}],"author":[{"embeddable":true,"href":"https:\/\/www.yungayino.cl\/noticias\/index.php?rest_route=\/wp\/v2\/users\/2"}],"replies":[{"embeddable":true,"href":"https:\/\/www.yungayino.cl\/noticias\/index.php?rest_route=%2Fwp%2Fv2%2Fcomments&post=11502"}],"version-history":[{"count":2,"href":"https:\/\/www.yungayino.cl\/noticias\/index.php?rest_route=\/wp\/v2\/posts\/11502\/revisions"}],"predecessor-version":[{"id":11505,"href":"https:\/\/www.yungayino.cl\/noticias\/index.php?rest_route=\/wp\/v2\/posts\/11502\/revisions\/11505"}],"wp:featuredmedia":[{"embeddable":true,"href":"https:\/\/www.yungayino.cl\/noticias\/index.php?rest_route=\/wp\/v2\/media\/11503"}],"wp:attachment":[{"href":"https:\/\/www.yungayino.cl\/noticias\/index.php?rest_route=%2Fwp%2Fv2%2Fmedia&parent=11502"}],"wp:term":[{"taxonomy":"category","embeddable":true,"href":"https:\/\/www.yungayino.cl\/noticias\/index.php?rest_route=%2Fwp%2Fv2%2Fcategories&post=11502"},{"taxonomy":"post_tag","embeddable":true,"href":"https:\/\/www.yungayino.cl\/noticias\/index.php?rest_route=%2Fwp%2Fv2%2Ftags&post=11502"}],"curies":[{"name":"wp","href":"https:\/\/api.w.org\/{rel}","templated":true}]}}