{"id":11510,"date":"2014-08-27T09:00:34","date_gmt":"2014-08-27T13:00:34","guid":{"rendered":"http:\/\/www.yungayino.cl\/noticias\/?p=11510"},"modified":"2014-08-27T22:28:13","modified_gmt":"2014-08-28T02:28:13","slug":"educadoras-de-yungay-reciben-capacitacion-organizada-por-el-daem","status":"publish","type":"post","link":"https:\/\/www.yungayino.cl\/noticias\/?p=11510","title":{"rendered":"Educadoras de Yungay Reciben Capacitaci\u00f3n Organizada por el DAEM"},"content":{"rendered":"<p><a href=\"http:\/\/www.yungayino.cl\/noticias\/wp-content\/uploads\/2014\/08\/daem20140826.jpg\"><img loading=\"lazy\" decoding=\"async\" class=\"alignnone size-full wp-image-11512\" src=\"http:\/\/www.yungayino.cl\/noticias\/wp-content\/uploads\/2014\/08\/daem20140826.jpg\" alt=\"daem20140826\" width=\"500\" height=\"300\" srcset=\"https:\/\/www.yungayino.cl\/noticias\/wp-content\/uploads\/2014\/08\/daem20140826.jpg 500w, https:\/\/www.yungayino.cl\/noticias\/wp-content\/uploads\/2014\/08\/daem20140826-300x180.jpg 300w, https:\/\/www.yungayino.cl\/noticias\/wp-content\/uploads\/2014\/08\/daem20140826-250x150.jpg 250w\" sizes=\"auto, (max-width: 500px) 100vw, 500px\" \/><\/a><\/p>\n<p style=\"text-align: justify;\">Yungay, el Departamento de Educaci\u00f3n de Yungay en sus m\u00faltiples lineamientos pedag\u00f3gicos realiz\u00f3 una capacitaci\u00f3n para las Educadoras de P\u00e1rvulos de los diferentes Jardines Junji, adem\u00e1s de otros profesionales invitados que tambi\u00e9n trabajan en los jardines, y la participaci\u00f3n de la Directora DAEM Yungay, Eugenia L\u00f3pez con Marcelo Sep\u00falveda Castillo, Coordinador Comunal del Programa de Integraci\u00f3n Escolar DAEM.<\/p>\n<p style=\"text-align: justify;\">El perfeccionamiento abarc\u00f3 el tema de\u201d<strong> Evaluaci\u00f3n como herramienta para determinar inicios de procesos de escolarizaci\u00f3n\u201d, <\/strong><strong>y fue dictado por <\/strong>el Sic\u00f3logo Miguel Ripoll; Acad\u00e9mico Evaluador de la Universidad de Concepci\u00f3n y Doctor en Filosof\u00eda de la Universidad de Barcelona.<\/p>\n<p style=\"text-align: justify;\">Finalmente el curso fue catalogado como un \u00e9xito producto de lo din\u00e1mico del profesor y contextualizado a los aprendizajes que necesitaban las parvularias, para que puedan aplicar a los ni\u00f1os en sus primeros a\u00f1os, adem\u00e1s destac\u00f3 que se continuar\u00e1n realizando m\u00e1s capacitaciones durante el transcurso del a\u00f1o, as\u00ed lo se\u00f1aliz\u00f3 al Equipo del Portal Yungayino.cl, Cecilia Cepeda Concha, Jefa UTP Comunal.<\/p>\n<p style=\"text-align: justify;\">[su_button url=\u00bbhttps:\/\/www.facebook.com\/media\/set\/?set=a.913141125367594.1073742250.159561284058919&amp;type=3&#8243; size=\u00bb4&#8243; radius=\u00bbround\u00bb icon=\u00bbicon: camera-retro\u00bb]Fotograf\u00edas &#8211; Educadoras de Yungay Reciben Capacitaci\u00f3n Organizada por el DAEM[\/su_button]<\/p>\n","protected":false},"excerpt":{"rendered":"<p>Yungay, el Departamento de Educaci\u00f3n de Yungay en sus m\u00faltiples lineamientos pedag\u00f3gicos realiz\u00f3 una capacitaci\u00f3n para las Educadoras de P\u00e1rvulos de los diferentes Jardines Junji, adem\u00e1s de otros profesionales invitados que tambi\u00e9n trabajan en&#46;&#46;&#46;<\/p>\n","protected":false},"author":2,"featured_media":11512,"comment_status":"open","ping_status":"open","sticky":false,"template":"","format":"standard","meta":{"footnotes":""},"categories":[1],"tags":[355,1115,8,6],"class_list":["post-11510","post","type-post","status-publish","format-standard","has-post-thumbnail","hentry","category-noticias","tag-daem","tag-noticias","tag-yungay","tag-yungayino"],"_links":{"self":[{"href":"https:\/\/www.yungayino.cl\/noticias\/index.php?rest_route=\/wp\/v2\/posts\/11510","targetHints":{"allow":["GET"]}}],"collection":[{"href":"https:\/\/www.yungayino.cl\/noticias\/index.php?rest_route=\/wp\/v2\/posts"}],"about":[{"href":"https:\/\/www.yungayino.cl\/noticias\/index.php?rest_route=\/wp\/v2\/types\/post"}],"author":[{"embeddable":true,"href":"https:\/\/www.yungayino.cl\/noticias\/index.php?rest_route=\/wp\/v2\/users\/2"}],"replies":[{"embeddable":true,"href":"https:\/\/www.yungayino.cl\/noticias\/index.php?rest_route=%2Fwp%2Fv2%2Fcomments&post=11510"}],"version-history":[{"count":3,"href":"https:\/\/www.yungayino.cl\/noticias\/index.php?rest_route=\/wp\/v2\/posts\/11510\/revisions"}],"predecessor-version":[{"id":11521,"href":"https:\/\/www.yungayino.cl\/noticias\/index.php?rest_route=\/wp\/v2\/posts\/11510\/revisions\/11521"}],"wp:featuredmedia":[{"embeddable":true,"href":"https:\/\/www.yungayino.cl\/noticias\/index.php?rest_route=\/wp\/v2\/media\/11512"}],"wp:attachment":[{"href":"https:\/\/www.yungayino.cl\/noticias\/index.php?rest_route=%2Fwp%2Fv2%2Fmedia&parent=11510"}],"wp:term":[{"taxonomy":"category","embeddable":true,"href":"https:\/\/www.yungayino.cl\/noticias\/index.php?rest_route=%2Fwp%2Fv2%2Fcategories&post=11510"},{"taxonomy":"post_tag","embeddable":true,"href":"https:\/\/www.yungayino.cl\/noticias\/index.php?rest_route=%2Fwp%2Fv2%2Ftags&post=11510"}],"curies":[{"name":"wp","href":"https:\/\/api.w.org\/{rel}","templated":true}]}}