{"id":11542,"date":"2014-09-02T10:00:01","date_gmt":"2014-09-02T14:00:01","guid":{"rendered":"http:\/\/www.yungayino.cl\/noticias\/?p=11542"},"modified":"2014-09-02T15:18:40","modified_gmt":"2014-09-02T19:18:40","slug":"dirigentes-sociales-de-yungay-revisaron-el-trabajo-con-la-comunidad-que-ha-realizado-la-empresa-energia-baquedano","status":"publish","type":"post","link":"https:\/\/www.yungayino.cl\/noticias\/?p=11542","title":{"rendered":"Dirigentes Sociales de Yungay Revisaron el Trabajo con la Comunidad que ha realizado la Empresa Energ\u00eda Baquedano"},"content":{"rendered":"<p><a href=\"http:\/\/www.yungayino.cl\/noticias\/wp-content\/uploads\/2014\/09\/baquedano20140802.jpg\"><img loading=\"lazy\" decoding=\"async\" class=\"alignnone size-full wp-image-11543\" src=\"http:\/\/www.yungayino.cl\/noticias\/wp-content\/uploads\/2014\/09\/baquedano20140802.jpg\" alt=\"baquedano20140802\" width=\"500\" height=\"281\" srcset=\"https:\/\/www.yungayino.cl\/noticias\/wp-content\/uploads\/2014\/09\/baquedano20140802.jpg 500w, https:\/\/www.yungayino.cl\/noticias\/wp-content\/uploads\/2014\/09\/baquedano20140802-300x168.jpg 300w, https:\/\/www.yungayino.cl\/noticias\/wp-content\/uploads\/2014\/09\/baquedano20140802-266x150.jpg 266w\" sizes=\"auto, (max-width: 500px) 100vw, 500px\" \/><\/a><\/p>\n<p style=\"text-align: justify;\">Yungay, 2 de septiembre 2014:M\u00e1s de una veintena de Dirigentes Sociales de diferentes juntas de vecinos de nuestra comuna participaron la semana pasada de un almuerzo en el Hotel Francia, donde revisaron la historia del trabajo con la comunidad que ha realizado Energ\u00eda Baquedano, empresa a cargo de la Peque\u00f1a Central de Paso Baquedano desde 2010, instancia en la que tambi\u00e9n se informaron de los planes que tiene la empresa hacia adelante.<\/p>\n<p style=\"text-align: justify;\">El grupo estuvo encabezado por la presidenta de la Uni\u00f3n Comunal de Juntas de Vecinos (UNCO) de Yungay, Ang\u00e9lica Mart\u00ednez, y por parte de Energ\u00eda Baquedano asisti\u00f3 su gerente general, Claudio Montes y su encargada medioambiental, Fernanda Palomino, quienes compartieron con todos los vecinos.<\/p>\n<p style=\"text-align: justify;\">\u201cJunto con contarle a la comunidad qu\u00e9 hemos hecho hasta ahora, en la presentaci\u00f3n que hicimos detallamos las pr\u00f3ximas actividades que tenemos consideradas. Para nosotros es muy importante reunirnos con los dirigentes y mantener un v\u00ednculo con ellos, para que est\u00e9n siempre informados\u201d, se\u00f1al\u00f3 Fernanda Palomino.<\/p>\n<p style=\"text-align: justify;\">En esta l\u00ednea, la empresa cont\u00f3 que tienen contemplado instancias que contribuyan a promover la mano de obra local, a trav\u00e9s de catastros laborales y de servicios, coordinaci\u00f3n con la UNCO y con las empresas contratistas encargadas de la construcci\u00f3n. Tambi\u00e9n, quieren continuar apoyando al turismo local, por medio de un diagn\u00f3stico de las potencialidades de la zona precordillerana, con apoyo a emprendimientos y la capacitaci\u00f3n de emprendedores.<\/p>\n<p style=\"text-align: justify;\">Asimismo, anunciaron medidas de fiscalizaci\u00f3n ambiental, que consideran la capacitaci\u00f3n de vecinos interesados, y la organizaci\u00f3n de una serie de actividades en beneficio de la comunidad como el Cine bajo las estrellas y el Campeonato de baby f\u00fatbol.<\/p>\n<p style=\"text-align: justify;\">Al t\u00e9rmino del almuerzo la presidenta de la UNCO agradeci\u00f3 la entrega de informaci\u00f3n por parte de la empresa y se\u00f1al\u00f3 que espera que esta relaci\u00f3n sirva para que la construcci\u00f3n del proyecto se traduzca en una serie de beneficios para la comuna. Asimismo, los dirigentes mostraron inter\u00e9s en las medidas de protecci\u00f3n ambiental anunciadas, de manera de mitigar los impactos que eventualmente se puedan generar durante la construcci\u00f3n de la obra.<\/p>\n<p style=\"text-align: justify;\">Finalmente recordar que el Proyecto de la Peque\u00f1a Central de Paso Baquedano es un proyecto cuya Resoluci\u00f3n de Calificaci\u00f3n Ambiental (RCA) ya est\u00e1 aprobada y que por su potencia total instalada 18 MW est\u00e1 categorizado como Energ\u00eda Renovable No Convencional (ERNC), generando energ\u00eda limpia y sustentable y que considera una inversi\u00f3n de US$56.300.000 y espera crear 300 nuevos empleos en promedio durante los dos a\u00f1os que dure su construcci\u00f3n.<\/p>\n<p style=\"text-align: justify;\">[su_button url=\u00bbhttps:\/\/www.facebook.com\/media\/set\/?set=a.916146615067045.1073742257.159561284058919&amp;type=3&amp;uploaded=6&#8243; size=\u00bb4&#8243; radius=\u00bbround\u00bb icon=\u00bbicon: camera-retro\u00bb]Fotograf\u00edas &#8211; Dirigentes Sociales de Yungay Revisaron el Trabajo con la Comunidad que ha realizado la Empresa Energ\u00eda Baquedano[\/su_button]<\/p>\n","protected":false},"excerpt":{"rendered":"<p>Yungay, 2 de septiembre 2014:M\u00e1s de una veintena de Dirigentes Sociales de diferentes juntas de vecinos de nuestra comuna participaron la semana pasada de un almuerzo en el Hotel Francia, donde revisaron la historia&#46;&#46;&#46;<\/p>\n","protected":false},"author":2,"featured_media":11543,"comment_status":"open","ping_status":"open","sticky":false,"template":"","format":"standard","meta":{"footnotes":""},"categories":[1],"tags":[586,1115,8,6],"class_list":["post-11542","post","type-post","status-publish","format-standard","has-post-thumbnail","hentry","category-noticias","tag-energia-baquedano","tag-noticias","tag-yungay","tag-yungayino"],"_links":{"self":[{"href":"https:\/\/www.yungayino.cl\/noticias\/index.php?rest_route=\/wp\/v2\/posts\/11542","targetHints":{"allow":["GET"]}}],"collection":[{"href":"https:\/\/www.yungayino.cl\/noticias\/index.php?rest_route=\/wp\/v2\/posts"}],"about":[{"href":"https:\/\/www.yungayino.cl\/noticias\/index.php?rest_route=\/wp\/v2\/types\/post"}],"author":[{"embeddable":true,"href":"https:\/\/www.yungayino.cl\/noticias\/index.php?rest_route=\/wp\/v2\/users\/2"}],"replies":[{"embeddable":true,"href":"https:\/\/www.yungayino.cl\/noticias\/index.php?rest_route=%2Fwp%2Fv2%2Fcomments&post=11542"}],"version-history":[{"count":2,"href":"https:\/\/www.yungayino.cl\/noticias\/index.php?rest_route=\/wp\/v2\/posts\/11542\/revisions"}],"predecessor-version":[{"id":11545,"href":"https:\/\/www.yungayino.cl\/noticias\/index.php?rest_route=\/wp\/v2\/posts\/11542\/revisions\/11545"}],"wp:featuredmedia":[{"embeddable":true,"href":"https:\/\/www.yungayino.cl\/noticias\/index.php?rest_route=\/wp\/v2\/media\/11543"}],"wp:attachment":[{"href":"https:\/\/www.yungayino.cl\/noticias\/index.php?rest_route=%2Fwp%2Fv2%2Fmedia&parent=11542"}],"wp:term":[{"taxonomy":"category","embeddable":true,"href":"https:\/\/www.yungayino.cl\/noticias\/index.php?rest_route=%2Fwp%2Fv2%2Fcategories&post=11542"},{"taxonomy":"post_tag","embeddable":true,"href":"https:\/\/www.yungayino.cl\/noticias\/index.php?rest_route=%2Fwp%2Fv2%2Ftags&post=11542"}],"curies":[{"name":"wp","href":"https:\/\/api.w.org\/{rel}","templated":true}]}}